{"id":25272,"date":"2013-11-07T21:01:42","date_gmt":"2013-11-08T00:01:42","guid":{"rendered":"http:\/\/www.blogdothame.blog.br\/v1\/?p=25272"},"modified":"2013-11-07T12:05:37","modified_gmt":"2013-11-07T15:05:37","slug":"via-litterarum-lanca-obras-de-autores-baianos-na-bienal-do-livro","status":"publish","type":"post","link":"https:\/\/www.blogdothame.blog.br\/v1\/2013\/11\/07\/via-litterarum-lanca-obras-de-autores-baianos-na-bienal-do-livro\/","title":{"rendered":"Via Litterarum lan\u00e7a obras de  autores baianos na Bienal do Livro"},"content":{"rendered":"<p><a href=\"http:\/\/www.blogdothame.blog.br\/v1\/wp-content\/uploads\/2013\/11\/bienal-vidas-cruzadas.jpg\"><img loading=\"lazy\" class=\"alignright size-medium wp-image-25273\" alt=\"bienal vidas cruzadas\" src=\"http:\/\/www.blogdothame.blog.br\/v1\/wp-content\/uploads\/2013\/11\/bienal-vidas-cruzadas-214x300.jpg\" width=\"214\" height=\"300\" srcset=\"https:\/\/www.blogdothame.blog.br\/v1\/wp-content\/uploads\/2013\/11\/bienal-vidas-cruzadas-214x300.jpg 214w, https:\/\/www.blogdothame.blog.br\/v1\/wp-content\/uploads\/2013\/11\/bienal-vidas-cruzadas.jpg 391w\" sizes=\"(max-width: 214px) 100vw, 214px\" \/><\/a>A editora Via Litterarum ter\u00e1 um estande exclusivo na Bienal do Livro da Bahia, que acontece de 8 a 15 de novembro no Centro de Conven\u00e7\u00f5es, em Salvador. Durante a Bienal, que re\u00fane \u00a0editoras e autores do Brasil e do Exterior, a VL lan\u00e7ar\u00e1 livros de autores baianos, no estande E 07, pr\u00f3ximo ao Caf\u00e9 Liter\u00e1rio.<\/p>\n<p><a href=\"http:\/\/www.blogdothame.blog.br\/v1\/wp-content\/uploads\/2013\/11\/bienal-para-sempre.jpg\"><img loading=\"lazy\" class=\"alignleft size-medium wp-image-25274\" alt=\"bienal para sempre\" src=\"http:\/\/www.blogdothame.blog.br\/v1\/wp-content\/uploads\/2013\/11\/bienal-para-sempre-243x300.jpg\" width=\"243\" height=\"300\" srcset=\"https:\/\/www.blogdothame.blog.br\/v1\/wp-content\/uploads\/2013\/11\/bienal-para-sempre-243x300.jpg 243w, https:\/\/www.blogdothame.blog.br\/v1\/wp-content\/uploads\/2013\/11\/bienal-para-sempre.jpg 449w\" sizes=\"(max-width: 243px) 100vw, 243px\" \/><\/a>Entre os livros que ser\u00e3o lan\u00e7ados est\u00e3o Vidas Cruzadas, de Valdeny Andrade;\u00a0 Memorias de um velho Capit\u00e3o, de Silvino Bastos; Assimetrias- Alma c\u00f4ncava, cora\u00e7\u00e3o conexo, de Jaques Manz;\u00a0 Caminhando pela cidade, de Cintia Portugal de Almeida; MPB em textos- hist\u00f3ria e cr\u00edtica, de Luiz Am\u00e9rico Lisboa Junior; A casinha feliz, de Silmara Botelho; Para sempre felizes, de Agenor Gasparetto: Manual de Baixo Ajuda \u2013 como transformar sua autoestima em an\u00e3, de Daniel Thame; A Deriva , de Valquiria Lima: e Not\u00edcia Hist\u00f3rica , de Arleo Barbosa.<\/p>\n<p>Tamb\u00e9m ser\u00e3o lan\u00e7ados pela VL na Bienal os livros Jorge Medauar- fic\u00e7\u00e3o, mem\u00f3ria e representa\u00e7\u00e3o identit\u00e1ria, de Juciene Silva e Souza; Amendoeiras de Outono, de\u00a0 Adylson Machado; Ara uma vez&#8230;, de Jorge de Souza Araujo;\u00a0 A arte de brincar com a poesia, de Luiz Valverde;\u00a0 Mem\u00f3rias miraculosas de Heitor Quatorze Voltas, de\u00a0 Antonio Brasileiro: \u00a0A dan\u00e7a da vida, de Nolberto Xavier: Estante Viva, de\u00a0 Cleberton Santos;\u00a0 e O amor \u00e9 Deus, de Nilton Schommer.<\/p>\n<p><a href=\"http:\/\/www.blogdothame.blog.br\/v1\/wp-content\/uploads\/2013\/11\/bienal-manual-baixo-ajuda.jpg\"><img loading=\"lazy\" class=\"alignright size-medium wp-image-25275\" alt=\"bienal manual baixo ajuda\" src=\"http:\/\/www.blogdothame.blog.br\/v1\/wp-content\/uploads\/2013\/11\/bienal-manual-baixo-ajuda-215x300.jpg\" width=\"215\" height=\"300\" srcset=\"https:\/\/www.blogdothame.blog.br\/v1\/wp-content\/uploads\/2013\/11\/bienal-manual-baixo-ajuda-215x300.jpg 215w, https:\/\/www.blogdothame.blog.br\/v1\/wp-content\/uploads\/2013\/11\/bienal-manual-baixo-ajuda.jpg 415w\" sizes=\"(max-width: 215px) 100vw, 215px\" \/><\/a>O diretor-editor da Via Littararum, Agenor Gasparetto, destaca que a Bienal do Livro \u00e9 uma excelente oportunidade de divulga\u00e7\u00e3o de autores\u00a0 da Bahia e em especial do Sul da Bahia, regi\u00e3o que tem uma participa\u00e7\u00e3o marcante na literatura nacional. As obras que est\u00e3o sendo lan\u00e7adas pela VL na Bienal incluem romance, poesia, biografias, contos e humor. \u201cS\u00e3o autores que demonstram a capacidade de produzir literatura de qualidade, atrav\u00e9s de livros que cativam os leitores\u201d, afirma Gasparetto.<\/p>\n<p>Todos os autores estar\u00e3o presentes no lan\u00e7amento de seus livros e participar\u00e3o de sess\u00f5es de aut\u00f3grafos no estande da VL.<\/p>\n","protected":false},"excerpt":{"rendered":"<p>A editora Via Litterarum ter\u00e1 um estande exclusivo na Bienal do Livro da Bahia, que acontece de 8 a 15 de novembro no Centro de Conven\u00e7\u00f5es, em Salvador. Durante a Bienal, que re\u00fane \u00a0editoras e autores do Brasil e do Exterior, a VL lan\u00e7ar\u00e1 livros de autores baianos, no estande E 07, pr\u00f3ximo ao Caf\u00e9 [&hellip;]<\/p>\n","protected":false},"author":2,"featured_media":0,"comment_status":"open","ping_status":"open","sticky":false,"template":"","format":"standard","meta":{"_links_to":"","_links_to_target":""},"categories":[1],"tags":[729,8138,718,8200,8203,8202,433,8201],"_links":{"self":[{"href":"https:\/\/www.blogdothame.blog.br\/v1\/wp-json\/wp\/v2\/posts\/25272"}],"collection":[{"href":"https:\/\/www.blogdothame.blog.br\/v1\/wp-json\/wp\/v2\/posts"}],"about":[{"href":"https:\/\/www.blogdothame.blog.br\/v1\/wp-json\/wp\/v2\/types\/post"}],"author":[{"embeddable":true,"href":"https:\/\/www.blogdothame.blog.br\/v1\/wp-json\/wp\/v2\/users\/2"}],"replies":[{"embeddable":true,"href":"https:\/\/www.blogdothame.blog.br\/v1\/wp-json\/wp\/v2\/comments?post=25272"}],"version-history":[{"count":2,"href":"https:\/\/www.blogdothame.blog.br\/v1\/wp-json\/wp\/v2\/posts\/25272\/revisions"}],"predecessor-version":[{"id":25277,"href":"https:\/\/www.blogdothame.blog.br\/v1\/wp-json\/wp\/v2\/posts\/25272\/revisions\/25277"}],"wp:attachment":[{"href":"https:\/\/www.blogdothame.blog.br\/v1\/wp-json\/wp\/v2\/media?parent=25272"}],"wp:term":[{"taxonomy":"category","embeddable":true,"href":"https:\/\/www.blogdothame.blog.br\/v1\/wp-json\/wp\/v2\/categories?post=25272"},{"taxonomy":"post_tag","embeddable":true,"href":"https:\/\/www.blogdothame.blog.br\/v1\/wp-json\/wp\/v2\/tags?post=25272"}],"curies":[{"name":"wp","href":"https:\/\/api.w.org\/{rel}","templated":true}]}}