{"id":25255,"date":"2013-11-07T09:00:27","date_gmt":"2013-11-07T12:00:27","guid":{"rendered":"http:\/\/www.blogdothame.blog.br\/v1\/?p=25255"},"modified":"2013-11-07T09:00:27","modified_gmt":"2013-11-07T12:00:27","slug":"comercio-entre-cuba-e-uniao-europeia-aumentou-8-entre-janeiro-e-agosto","status":"publish","type":"post","link":"https:\/\/www.blogdothame.blog.br\/v1\/2013\/11\/07\/comercio-entre-cuba-e-uniao-europeia-aumentou-8-entre-janeiro-e-agosto\/","title":{"rendered":"Com\u00e9rcio entre Cuba e Uni\u00e3o Europ\u00e9ia   aumentou 8% entre janeiro e agosto"},"content":{"rendered":"<p><a href=\"http:\/\/www.blogdothame.blog.br\/v1\/wp-content\/uploads\/2013\/11\/cuba-libre.jpg\"><img loading=\"lazy\" class=\"aligncenter size-medium wp-image-25256\" alt=\"cuba libre\" src=\"http:\/\/www.blogdothame.blog.br\/v1\/wp-content\/uploads\/2013\/11\/cuba-libre-300x200.jpg\" width=\"300\" height=\"200\" srcset=\"https:\/\/www.blogdothame.blog.br\/v1\/wp-content\/uploads\/2013\/11\/cuba-libre-300x200.jpg 300w, https:\/\/www.blogdothame.blog.br\/v1\/wp-content\/uploads\/2013\/11\/cuba-libre-1024x682.jpg 1024w, https:\/\/www.blogdothame.blog.br\/v1\/wp-content\/uploads\/2013\/11\/cuba-libre.jpg 1600w\" sizes=\"(max-width: 300px) 100vw, 300px\" \/><\/a><\/p>\n<p>O com\u00e9rcio bilateral entre Cuba e a Uni\u00e3o Europeia (UE) cresceu 8% entre janeiro e agosto deste ano, informou nessa quarta-feira a C\u00e2mara de Com\u00e9rcio da ilha.<\/p>\n<p>As importa\u00e7\u00f5es cubanas dos pa\u00edses do bloco europeu aumentaram 20% enquanto as exporta\u00e7\u00f5es de Havana ca\u00edram 12%, explicou o secret\u00e1rio-geral da C\u00e2mara de Com\u00e9rcio de Cuba, Omar Fern\u00e1ndez, na 31.\u00aa Feira Internacional de Havana.<\/p>\n<p>As trocas comerciais da ilha com os 28 pa\u00edses da UE em 2011 alcan\u00e7aram US$ 4 bilh\u00f5es e 61 milh\u00f5es, de acordo com os \u00faltimos dados publicados pelo Departamento de Estat\u00edsticas e Informa\u00e7\u00e3o de Cuba. (da Agencia Lusa)<\/p>\n","protected":false},"excerpt":{"rendered":"<p>O com\u00e9rcio bilateral entre Cuba e a Uni\u00e3o Europeia (UE) cresceu 8% entre janeiro e agosto deste ano, informou nessa quarta-feira a C\u00e2mara de Com\u00e9rcio da ilha. As importa\u00e7\u00f5es cubanas dos pa\u00edses do bloco europeu aumentaram 20% enquanto as exporta\u00e7\u00f5es de Havana ca\u00edram 12%, explicou o secret\u00e1rio-geral da C\u00e2mara de Com\u00e9rcio de Cuba, Omar Fern\u00e1ndez, [&hellip;]<\/p>\n","protected":false},"author":2,"featured_media":0,"comment_status":"open","ping_status":"open","sticky":false,"template":"","format":"standard","meta":{"_links_to":"","_links_to_target":""},"categories":[1],"tags":[6238,30,8192],"_links":{"self":[{"href":"https:\/\/www.blogdothame.blog.br\/v1\/wp-json\/wp\/v2\/posts\/25255"}],"collection":[{"href":"https:\/\/www.blogdothame.blog.br\/v1\/wp-json\/wp\/v2\/posts"}],"about":[{"href":"https:\/\/www.blogdothame.blog.br\/v1\/wp-json\/wp\/v2\/types\/post"}],"author":[{"embeddable":true,"href":"https:\/\/www.blogdothame.blog.br\/v1\/wp-json\/wp\/v2\/users\/2"}],"replies":[{"embeddable":true,"href":"https:\/\/www.blogdothame.blog.br\/v1\/wp-json\/wp\/v2\/comments?post=25255"}],"version-history":[{"count":1,"href":"https:\/\/www.blogdothame.blog.br\/v1\/wp-json\/wp\/v2\/posts\/25255\/revisions"}],"predecessor-version":[{"id":25257,"href":"https:\/\/www.blogdothame.blog.br\/v1\/wp-json\/wp\/v2\/posts\/25255\/revisions\/25257"}],"wp:attachment":[{"href":"https:\/\/www.blogdothame.blog.br\/v1\/wp-json\/wp\/v2\/media?parent=25255"}],"wp:term":[{"taxonomy":"category","embeddable":true,"href":"https:\/\/www.blogdothame.blog.br\/v1\/wp-json\/wp\/v2\/categories?post=25255"},{"taxonomy":"post_tag","embeddable":true,"href":"https:\/\/www.blogdothame.blog.br\/v1\/wp-json\/wp\/v2\/tags?post=25255"}],"curies":[{"name":"wp","href":"https:\/\/api.w.org\/{rel}","templated":true}]}}