{"id":25237,"date":"2013-11-06T20:34:37","date_gmt":"2013-11-06T23:34:37","guid":{"rendered":"http:\/\/www.blogdothame.blog.br\/v1\/?p=25237"},"modified":"2013-11-06T17:36:59","modified_gmt":"2013-11-06T20:36:59","slug":"geraldo-simoes-comemora-dia-do-tecnico-agricola-e-destaca-avancos-da-profissao","status":"publish","type":"post","link":"https:\/\/www.blogdothame.blog.br\/v1\/2013\/11\/06\/geraldo-simoes-comemora-dia-do-tecnico-agricola-e-destaca-avancos-da-profissao\/","title":{"rendered":"Geraldo Sim\u00f5es comemora Dia do T\u00e9cnico Agr\u00edcola e destaca avan\u00e7os da profiss\u00e3o"},"content":{"rendered":"<p><a href=\"http:\/\/www.blogdothame.blog.br\/v1\/wp-content\/uploads\/2013\/11\/Geraldo-Simoes.jpg\"><img loading=\"lazy\" class=\"alignleft size-medium wp-image-25238\" alt=\"Geraldo-Simoes\" src=\"http:\/\/www.blogdothame.blog.br\/v1\/wp-content\/uploads\/2013\/11\/Geraldo-Simoes-300x196.jpg\" width=\"300\" height=\"196\" srcset=\"https:\/\/www.blogdothame.blog.br\/v1\/wp-content\/uploads\/2013\/11\/Geraldo-Simoes-300x196.jpg 300w, https:\/\/www.blogdothame.blog.br\/v1\/wp-content\/uploads\/2013\/11\/Geraldo-Simoes.jpg 320w\" sizes=\"(max-width: 300px) 100vw, 300px\" \/><\/a>O depurado federal Geraldo Sim\u00f5es registrou, no Congresso Nacional, a comemora\u00e7\u00e3o do dia do T\u00e9cnico Agr\u00edcola, em 5 de novembro. \u201cSendo eu, parte integrante da categoria e funcion\u00e1rio da Comiss\u00e3o Executiva do plano da lavoura Cacaueira \u2013 CEPLAC quero deixar nos anais desta Casa meu testemunho da import\u00e2ncia da profiss\u00e3o, principalmente agora que ela \u00e9 valorizada pelo Governo Federal com a cria\u00e7\u00e3o da ANATER, Ag\u00eancia Nacional de Assist\u00eancia T\u00e9cnica e Extens\u00e3o Rural\u201d, disse o deputado. A ANATER, com a qual a CEPLAC atuar\u00e1, significar\u00e1 melhor acesso dos agricultores \u00e0 tecnologia, conhecimentos e extens\u00e3o rural, permitindo maior produtividade. Sem d\u00favida este \u00e9 o campo de trabalho por excel\u00eancia do t\u00e9cnico agr\u00edcola.<\/p>\n<p>A profiss\u00e3o conta com 102 anos de exist\u00eancia, segundo o Presidente da FENATA \u2013 Federa\u00e7\u00e3o Nacional dos T\u00e9cnicos Agr\u00edcola e 42 anos de seu reconhecimento legal como profiss\u00e3o; e tem sido essencial para a aten\u00e7\u00e3o \u00e1 produ\u00e7\u00e3o agr\u00edcola, aos pequenos e m\u00e9dios produtores, \u00e0 agricultura familiar, aos cooperados e assentados da reforma agr\u00e1ria.<\/p>\n<p>Geraldo Sim\u00f5es aproveitou para \u00a0manifestar seu empenho na defesa da categoria, pelo seu reconhecimento e valoriza\u00e7\u00e3o, \u201cluta que venho fazendo no decorrer de meus mandatos de Deputado Federal, com estrito contato com os t\u00e9cnicos da CEPLAC, a ANTEFFA \u2013 Associa\u00e7\u00e3o Nacional de T\u00e9cnicos de Fiscaliza\u00e7\u00e3o Federal Agropecu\u00e1ria e a ATEFFA, sua correspondente no estado da Bahia\u201d.<\/p>\n<p>\u201cParabenizo a todas as entidades da categoria e a todos os t\u00e9cnicos agr\u00edcolas do Brasil pelo seu dia e tenho certeza que, com nossa mobiliza\u00e7\u00e3o e disposi\u00e7\u00e3o de luta, teremos muitas conquistas e poderemos cooperar de forma mais decisiva e produtiva para o desenvolvimento da agricultura e da economia brasileira\u201d, finalizou Geraldo Sim\u00f5es.<\/p>\n","protected":false},"excerpt":{"rendered":"<p>O depurado federal Geraldo Sim\u00f5es registrou, no Congresso Nacional, a comemora\u00e7\u00e3o do dia do T\u00e9cnico Agr\u00edcola, em 5 de novembro. \u201cSendo eu, parte integrante da categoria e funcion\u00e1rio da Comiss\u00e3o Executiva do plano da lavoura Cacaueira \u2013 CEPLAC quero deixar nos anais desta Casa meu testemunho da import\u00e2ncia da profiss\u00e3o, principalmente agora que ela \u00e9 [&hellip;]<\/p>\n","protected":false},"author":2,"featured_media":0,"comment_status":"open","ping_status":"open","sticky":false,"template":"","format":"standard","meta":{"_links_to":"","_links_to_target":""},"categories":[1],"tags":[7594,448,8189,58],"_links":{"self":[{"href":"https:\/\/www.blogdothame.blog.br\/v1\/wp-json\/wp\/v2\/posts\/25237"}],"collection":[{"href":"https:\/\/www.blogdothame.blog.br\/v1\/wp-json\/wp\/v2\/posts"}],"about":[{"href":"https:\/\/www.blogdothame.blog.br\/v1\/wp-json\/wp\/v2\/types\/post"}],"author":[{"embeddable":true,"href":"https:\/\/www.blogdothame.blog.br\/v1\/wp-json\/wp\/v2\/users\/2"}],"replies":[{"embeddable":true,"href":"https:\/\/www.blogdothame.blog.br\/v1\/wp-json\/wp\/v2\/comments?post=25237"}],"version-history":[{"count":1,"href":"https:\/\/www.blogdothame.blog.br\/v1\/wp-json\/wp\/v2\/posts\/25237\/revisions"}],"predecessor-version":[{"id":25239,"href":"https:\/\/www.blogdothame.blog.br\/v1\/wp-json\/wp\/v2\/posts\/25237\/revisions\/25239"}],"wp:attachment":[{"href":"https:\/\/www.blogdothame.blog.br\/v1\/wp-json\/wp\/v2\/media?parent=25237"}],"wp:term":[{"taxonomy":"category","embeddable":true,"href":"https:\/\/www.blogdothame.blog.br\/v1\/wp-json\/wp\/v2\/categories?post=25237"},{"taxonomy":"post_tag","embeddable":true,"href":"https:\/\/www.blogdothame.blog.br\/v1\/wp-json\/wp\/v2\/tags?post=25237"}],"curies":[{"name":"wp","href":"https:\/\/api.w.org\/{rel}","templated":true}]}}