{"id":24977,"date":"2013-10-30T15:39:12","date_gmt":"2013-10-30T18:39:12","guid":{"rendered":"http:\/\/www.blogdothame.blog.br\/v1\/?p=24977"},"modified":"2013-10-30T15:50:17","modified_gmt":"2013-10-30T18:50:17","slug":"wagner-destaca-revolucao-silenciosa-do-bolsa-familia","status":"publish","type":"post","link":"https:\/\/www.blogdothame.blog.br\/v1\/2013\/10\/30\/wagner-destaca-revolucao-silenciosa-do-bolsa-familia\/","title":{"rendered":"Wagner destaca revolu\u00e7\u00e3o silenciosa do Bolsa Fam\u00edlia,"},"content":{"rendered":"<p>O governador Jaques Wagner participou hoje (30), em Bras\u00edlia, ao lado da presidente Dilma Rousseff, do ex-presidente Lula, ministros e parlamentares, das comemora\u00e7\u00f5es dos 10 anos do programa Bolsa Fam\u00edlia. \u201cOs n\u00fameros apresentados comprovam que o Bolsa Fam\u00edla \u00e9 a maior porta de sa\u00edda da mis\u00e9ria jamais constru\u00edda na hist\u00f3ria do Brasil e, ao mesmo tempo, a maior porta de entrada da inclus\u00e3o social, principalmente no Nordeste, onde o programa promoveu uma revolu\u00e7\u00e3o silenciosa\u201d, disse Wagner. Pelos n\u00fameros do Bolsa Fam\u00edlia, nenhum brasileiro vive com menos de R$ 70. Hoje, 36 milh\u00f5es de brasileiros t\u00eam renda acima de R$ 70, significando que a redu\u00e7\u00e3o da pobreza foi de 36% e da extrema pobreza foi de 89%.<\/p>\n<p>A Bahia, nos \u00faltimos dez anos, saiu de 519 mil para 1,8 milh\u00e3o de fam\u00edlias atendidas pelo Programa Bolsa Fam\u00edlia, lan\u00e7ado pelo ex-presidente da rep\u00fablica Luiz In\u00e1cio Lula da Silva, em 2003. Isso representa a inje\u00e7\u00e3o de cerca de R$ 3,3 bilh\u00f5es na economia do estado, apenas neste ano. O governador Wagner lembrou que, entre 2007 e 2012, o n\u00famero de benefici\u00e1rios do Bolsa Fam\u00edlia cresceu 29%, colocando a Bahia como o estado com o maior n\u00famero de fam\u00edlias atendidas, aglutinando o maior volume de recursos transferidos mensalmente.<\/p>\n<p>Wagner ressaltou, ainda, que, a partir de 2007, a Bahia saiu do rol dos estados com os piores indicadores sociais do pa\u00eds, com quase metade da popula\u00e7\u00e3o em situa\u00e7\u00e3o de pobreza, gra\u00e7as aos esfor\u00e7os do governo federal e estadual em promoverem a\u00e7\u00f5es voltadas para o desenvolvimento social. \u201cInvestimos em a\u00e7\u00f5es de est\u00edmulo \u00e0 seguran\u00e7a alimentar e nutricional, de prote\u00e7\u00e3o e promo\u00e7\u00e3o social das pessoas e fam\u00edlias que se encontram em condi\u00e7\u00e3o de vulnerabilidade\u201d. Outro indicador importante que mede a melhoria da qualidade de vida s\u00e3o os n\u00fameros da mortalidade infantil na Bahia, que nos \u00faltimos cinco anos, ca\u00edram 17% em raz\u00e3o dos programas sociais, a exemplo do Bolsa Fam\u00edlia, que vai a todas as fam\u00edlias carentes.<\/p>\n<p>A presidente Dilma disse que vai varrer a mis\u00e9ria do pa\u00eds, mas que o fim da mis\u00e9ria \u00e9 apenas um come\u00e7o, e que o programa \u00e9 uma ponte e o primeiro degrau da porta de sa\u00edda da mis\u00e9ria. Rebateu as cr\u00edticas de que o programa seja uma esmola. \u201cO bolsa fam\u00edlia n\u00e3o \u00e9 esmola, e sim transfer\u00eancia de renda, fruto de tecnologia social avan\u00e7ada de distribui\u00e7\u00e3o de renda e de combate \u00e0 desigualdade\u201d. 93% que possuem o cart\u00e3o s\u00e3o mulheres. Com isso, as mulheres se destacaram na aplica\u00e7\u00e3o do programa.<\/p>\n<p>&nbsp;<\/p>\n","protected":false},"excerpt":{"rendered":"<p>O governador Jaques Wagner participou hoje (30), em Bras\u00edlia, ao lado da presidente Dilma Rousseff, do ex-presidente Lula, ministros e parlamentares, das comemora\u00e7\u00f5es dos 10 anos do programa Bolsa Fam\u00edlia. \u201cOs n\u00fameros apresentados comprovam que o Bolsa Fam\u00edla \u00e9 a maior porta de sa\u00edda da mis\u00e9ria jamais constru\u00edda na hist\u00f3ria do Brasil e, ao mesmo [&hellip;]<\/p>\n","protected":false},"author":2,"featured_media":0,"comment_status":"open","ping_status":"open","sticky":false,"template":"","format":"standard","meta":{"_links_to":"","_links_to_target":""},"categories":[1],"tags":[110,361,59],"_links":{"self":[{"href":"https:\/\/www.blogdothame.blog.br\/v1\/wp-json\/wp\/v2\/posts\/24977"}],"collection":[{"href":"https:\/\/www.blogdothame.blog.br\/v1\/wp-json\/wp\/v2\/posts"}],"about":[{"href":"https:\/\/www.blogdothame.blog.br\/v1\/wp-json\/wp\/v2\/types\/post"}],"author":[{"embeddable":true,"href":"https:\/\/www.blogdothame.blog.br\/v1\/wp-json\/wp\/v2\/users\/2"}],"replies":[{"embeddable":true,"href":"https:\/\/www.blogdothame.blog.br\/v1\/wp-json\/wp\/v2\/comments?post=24977"}],"version-history":[{"count":3,"href":"https:\/\/www.blogdothame.blog.br\/v1\/wp-json\/wp\/v2\/posts\/24977\/revisions"}],"predecessor-version":[{"id":24979,"href":"https:\/\/www.blogdothame.blog.br\/v1\/wp-json\/wp\/v2\/posts\/24977\/revisions\/24979"}],"wp:attachment":[{"href":"https:\/\/www.blogdothame.blog.br\/v1\/wp-json\/wp\/v2\/media?parent=24977"}],"wp:term":[{"taxonomy":"category","embeddable":true,"href":"https:\/\/www.blogdothame.blog.br\/v1\/wp-json\/wp\/v2\/categories?post=24977"},{"taxonomy":"post_tag","embeddable":true,"href":"https:\/\/www.blogdothame.blog.br\/v1\/wp-json\/wp\/v2\/tags?post=24977"}],"curies":[{"name":"wp","href":"https:\/\/api.w.org\/{rel}","templated":true}]}}