{"id":24882,"date":"2013-10-29T08:50:05","date_gmt":"2013-10-29T11:50:05","guid":{"rendered":"http:\/\/www.blogdothame.blog.br\/v1\/?p=24882"},"modified":"2013-10-29T08:50:05","modified_gmt":"2013-10-29T11:50:05","slug":"dilma-e-wagner-inauguram-via-expressa-em-salvador","status":"publish","type":"post","link":"https:\/\/www.blogdothame.blog.br\/v1\/2013\/10\/29\/dilma-e-wagner-inauguram-via-expressa-em-salvador\/","title":{"rendered":"Dilma e Wagner inauguram Via Expressa em Salvador"},"content":{"rendered":"<p><a href=\"http:\/\/www.blogdothame.blog.br\/v1\/wp-content\/uploads\/2013\/10\/via-expressa.jpg\"><img loading=\"lazy\" class=\"aligncenter size-medium wp-image-24883\" title=\"via expressa\" src=\"http:\/\/www.blogdothame.blog.br\/v1\/wp-content\/uploads\/2013\/10\/via-expressa-300x199.jpg\" alt=\"\" width=\"300\" height=\"199\" srcset=\"https:\/\/www.blogdothame.blog.br\/v1\/wp-content\/uploads\/2013\/10\/via-expressa-300x199.jpg 300w, https:\/\/www.blogdothame.blog.br\/v1\/wp-content\/uploads\/2013\/10\/via-expressa.jpg 500w\" sizes=\"(max-width: 300px) 100vw, 300px\" \/><\/a><\/p>\n<p>Maior interven\u00e7\u00e3o vi\u00e1ria em Salvador nos \u00faltimos 30 anos, a Via Expressa Ba\u00eda de Todos-os-Santos ser\u00e1 inaugurada nesta sexta-feira (1\u00ba), \u00e0s 10h, pelo governador Jaques Wagner e a presidente Dilma Rousseff. Ao circular pela Via Expressa reduz em 3,2 quil\u00f4metros o trajeto da BR-324 ao Porto de Salvador, com pelo menos seis rotas alternativas que v\u00e3o facilitar a vida de quem transita pela regi\u00e3o.<\/p>\n<p>A via passa por \u00c1gua de Meninos, Ladeira do Canto da Cruz, Estrada da Rainha, Largo Dois Le\u00f5es, avenida Heitor Dias, R\u00f3tula do Abacaxi, Ladeira do Cabula e Acesso Norte. S\u00e3o dez faixas de tr\u00e1fego &#8211; seis para tr\u00e1fego urbano e quatro exclusivas para ve\u00edculos de carga -, tr\u00eas t\u00faneis, 14 elevados, duas passarelas, al\u00e9m de ciclovia, pista de rolamento e passeios.<\/p>\n<p>A obra, executada pela Companhia de Desenvolvimento Urbano do Estado da Bahia (Conder), \u00e9 um investimento de R$ 480 milh\u00f5es, parceria dos governos federal e estadual, e considerada uma das principais interven\u00e7\u00f5es do Programa de Acelera\u00e7\u00e3o do Crescimento (PAC).<\/p>\n<p>Saiba mais no site:\u00a0<a href=\"http:\/\/www.viaexpressaba.com.br\/\"><strong>www.viaexpressaba.com.br<\/strong><\/a>.<\/p>\n","protected":false},"excerpt":{"rendered":"<p>Maior interven\u00e7\u00e3o vi\u00e1ria em Salvador nos \u00faltimos 30 anos, a Via Expressa Ba\u00eda de Todos-os-Santos ser\u00e1 inaugurada nesta sexta-feira (1\u00ba), \u00e0s 10h, pelo governador Jaques Wagner e a presidente Dilma Rousseff. Ao circular pela Via Expressa reduz em 3,2 quil\u00f4metros o trajeto da BR-324 ao Porto de Salvador, com pelo menos seis rotas alternativas que [&hellip;]<\/p>\n","protected":false},"author":2,"featured_media":0,"comment_status":"open","ping_status":"open","sticky":false,"template":"","format":"standard","meta":{"_links_to":"","_links_to_target":""},"categories":[1],"tags":[361,59,433,7794],"_links":{"self":[{"href":"https:\/\/www.blogdothame.blog.br\/v1\/wp-json\/wp\/v2\/posts\/24882"}],"collection":[{"href":"https:\/\/www.blogdothame.blog.br\/v1\/wp-json\/wp\/v2\/posts"}],"about":[{"href":"https:\/\/www.blogdothame.blog.br\/v1\/wp-json\/wp\/v2\/types\/post"}],"author":[{"embeddable":true,"href":"https:\/\/www.blogdothame.blog.br\/v1\/wp-json\/wp\/v2\/users\/2"}],"replies":[{"embeddable":true,"href":"https:\/\/www.blogdothame.blog.br\/v1\/wp-json\/wp\/v2\/comments?post=24882"}],"version-history":[{"count":1,"href":"https:\/\/www.blogdothame.blog.br\/v1\/wp-json\/wp\/v2\/posts\/24882\/revisions"}],"predecessor-version":[{"id":24884,"href":"https:\/\/www.blogdothame.blog.br\/v1\/wp-json\/wp\/v2\/posts\/24882\/revisions\/24884"}],"wp:attachment":[{"href":"https:\/\/www.blogdothame.blog.br\/v1\/wp-json\/wp\/v2\/media?parent=24882"}],"wp:term":[{"taxonomy":"category","embeddable":true,"href":"https:\/\/www.blogdothame.blog.br\/v1\/wp-json\/wp\/v2\/categories?post=24882"},{"taxonomy":"post_tag","embeddable":true,"href":"https:\/\/www.blogdothame.blog.br\/v1\/wp-json\/wp\/v2\/tags?post=24882"}],"curies":[{"name":"wp","href":"https:\/\/api.w.org\/{rel}","templated":true}]}}