{"id":24813,"date":"2013-10-27T09:00:56","date_gmt":"2013-10-27T12:00:56","guid":{"rendered":"http:\/\/www.blogdothame.blog.br\/v1\/?p=24813"},"modified":"2013-10-26T10:37:36","modified_gmt":"2013-10-26T13:37:36","slug":"projeto-verao-2013-mostra-as-atracoes-de-canavieiras","status":"publish","type":"post","link":"https:\/\/www.blogdothame.blog.br\/v1\/2013\/10\/27\/projeto-verao-2013-mostra-as-atracoes-de-canavieiras\/","title":{"rendered":"Projeto Ver\u00e3o 2013 mostra  as atra\u00e7\u00f5es de  Canavieiras"},"content":{"rendered":"<p><a href=\"http:\/\/www.blogdothame.blog.br\/v1\/wp-content\/uploads\/2013\/10\/can-1.jpg\"><img loading=\"lazy\" class=\"alignleft size-full wp-image-24814\" title=\"can 1\" src=\"http:\/\/www.blogdothame.blog.br\/v1\/wp-content\/uploads\/2013\/10\/can-1.jpg\" alt=\"\" width=\"226\" height=\"151\" \/><\/a>As del\u00edcias do sol, mar, rios, manguezais, muito verde e eventos s\u00e3o os \u00a0encantos e a magia da natureza para pessoas muito especiais: os privilegiados visitantes de Canavieiras. Todas essas sedu\u00e7\u00f5es est\u00e3o estampadas no Projeto Ver\u00e3o 2013, elaborado pelas equipes de t\u00e9cnicos secretarias municipais do Turismo e da Cultura, entregues ao prefeito Almir Melo.<\/p>\n<p>O primeiro ver\u00e3o \u2013 por inteiro \u2013 do Governo da Reconstru\u00e7\u00e3o ser\u00e1 caracterizado por um intenso e diversificado programa de atividades tur\u00edsticas e recreativas, envolvendo todo o potencial da cidade e a coordena\u00e7\u00e3o de todas as secretarias em atua\u00e7\u00e3o solid\u00e1ria e uniforme das diferentes comiss\u00f5es. Todas as propostas estar\u00e3o sob o constante monitoramento dos agentes do receptivo e dos n\u00facleos constitu\u00eddos para cada setor e cada nicho.<\/p>\n<p>De acordo com o secret\u00e1rio do Turismo e Esportes, Fernando Volpi, o projeto aproveita todos os recursos culturais e tur\u00edsticos da cidade-ilha, em particular o rio Pardo ao longo do S\u00edtio Hist\u00f3rico, para desenvolver esportes aqu\u00e1ticos, como Stand UpPaddle, Canoagem, Wind Surf, Nata\u00e7\u00e3o Competitiva. Na prainha fluvial \u2013 no entorno do monumento a Iemanj\u00e1 \u2013, o v\u00f4lei de areia e a pitoresca pelada (baba).<\/p>\n<p><!--more--><\/p>\n<p><a href=\"http:\/\/www.blogdothame.blog.br\/v1\/wp-content\/uploads\/2013\/10\/can-2.jpg\"><img loading=\"lazy\" class=\"alignright size-full wp-image-24815\" title=\"can 2\" src=\"http:\/\/www.blogdothame.blog.br\/v1\/wp-content\/uploads\/2013\/10\/can-2.jpg\" alt=\"\" width=\"226\" height=\"144\" \/><\/a>Ao entardecer, uma ciranda musical ser\u00e1 a moldura sonora do belo e pict\u00f3rico casario centen\u00e1rio. No palco r\u00fastico instalado na avenida Felinto Melo (cal\u00e7ad\u00e3o) se apresentar\u00e3o m\u00fasicos e Dj\u2019s da cidade e das cidades vizinhas que comp\u00f5em a Costa do Cacau. Os shows, bem variados, ser\u00e3o interativos como sugere o pr\u00f3prio local impregnado de hist\u00f3ria para contar em verso e prosa musicados.<\/p>\n<p>Informa o secret\u00e1rio da Cultura, Jorge Carvalho, que o \u201cPorto Cultural\u201d apresentar\u00e1 \u2013 no per\u00edodo de quinta a domingo \u2013 performances de Dan\u00e7a R\u00edtmica, Bal\u00e9, Saraus e Cortejos Po\u00e9ticos, al\u00e9m de Voz &amp; Viol\u00e3o ao cair da tarde na rom\u00e2ntica Ponte do Lloyd, onde aportavam os navios mercantes no per\u00edodo \u00e1ureo do cacau. Espa\u00e7os l\u00fadicos adequados \u00e0s crian\u00e7as e idosos ser\u00e3o reservados para atividades recreativas e culturais monitoradas, shows tem\u00e1ticos e palestras motivacionais para a terceira idade.<\/p>\n<p><a href=\"http:\/\/www.blogdothame.blog.br\/v1\/wp-content\/uploads\/2013\/10\/can-3.jpg\"><img loading=\"lazy\" class=\"alignleft size-full wp-image-24816\" title=\"can 3\" src=\"http:\/\/www.blogdothame.blog.br\/v1\/wp-content\/uploads\/2013\/10\/can-3.jpg\" alt=\"\" width=\"226\" height=\"152\" \/><\/a>Paralelamente, uma Feira de Artesanato com \u00eanfase para \u00edcones regionais revelar\u00e1 ao p\u00fablico a arte popular que projetou a cidade internacionalmente. A criatividade estar\u00e1 tamb\u00e9m presente na culin\u00e1ria, nos j\u00e1 famosos restaurantes do Sitio Hist\u00f3rico e nos quiosques autorizados no entorno. Exposi\u00e7\u00f5es de pintura e fotografia no cal\u00e7ad\u00e3o nas manh\u00e3s ensolaradas, e nas sedes da Secretaria de Turismo e da Galeria do Porto.<\/p>\n<p>A abertura oficial da temporada ser\u00e1 marcada pela elei\u00e7\u00e3o da Garota Ver\u00e3o, como sempre aconteceu em gest\u00f5es anteriores do atual refeito, Almir Melo, em evento que prev\u00ea show musical com artistas em evid\u00eancia.\u00a0 As candidatas s\u00e3o da cidade e a eleita ser\u00e1 a anfitri\u00e3 oficial da cidade em toda a temporada.<\/p>\n<p><strong><a href=\"http:\/\/www.blogdothame.blog.br\/v1\/wp-content\/uploads\/2013\/10\/can-4.jpg\"><img loading=\"lazy\" class=\"alignright size-full wp-image-24817\" title=\"can 4\" src=\"http:\/\/www.blogdothame.blog.br\/v1\/wp-content\/uploads\/2013\/10\/can-4.jpg\" alt=\"\" width=\"226\" height=\"162\" \/><\/a>O point do turismo<\/strong> &#8211; Canavieiras, na Costa do Cacau, possui um litoral com 18 quil\u00f4metros de belas praias, e recebe na alta temporada milhares de turistas de todo o pa\u00eds e do exterior. A regi\u00e3o apresenta diferenciais que a qualificam n\u00e3o apenas para a demanda do ver\u00e3o e de feriados prolongados, mas tamb\u00e9m para a baixa temporada nos segmentos que procuram a tranquilidade da paisagem e atividades relaxantes, al\u00e9m do turismo de aventuras, o ecol\u00f3gico, o de pesca esportiva e o rural. A zona rural, inclusive, revela a mata criteriosamente preservada, a exemplo da Fazenda Cub\u00edculo, que abrigou os primeiros p\u00e9s de cacau plantados em solo baiano.<\/p>\n","protected":false},"excerpt":{"rendered":"<p>As del\u00edcias do sol, mar, rios, manguezais, muito verde e eventos s\u00e3o os \u00a0encantos e a magia da natureza para pessoas muito especiais: os privilegiados visitantes de Canavieiras. Todas essas sedu\u00e7\u00f5es est\u00e3o estampadas no Projeto Ver\u00e3o 2013, elaborado pelas equipes de t\u00e9cnicos secretarias municipais do Turismo e da Cultura, entregues ao prefeito Almir Melo. O [&hellip;]<\/p>\n","protected":false},"author":2,"featured_media":0,"comment_status":"open","ping_status":"open","sticky":false,"template":"","format":"standard","meta":{"_links_to":"","_links_to_target":""},"categories":[1],"tags":[87,8087,8088,149],"_links":{"self":[{"href":"https:\/\/www.blogdothame.blog.br\/v1\/wp-json\/wp\/v2\/posts\/24813"}],"collection":[{"href":"https:\/\/www.blogdothame.blog.br\/v1\/wp-json\/wp\/v2\/posts"}],"about":[{"href":"https:\/\/www.blogdothame.blog.br\/v1\/wp-json\/wp\/v2\/types\/post"}],"author":[{"embeddable":true,"href":"https:\/\/www.blogdothame.blog.br\/v1\/wp-json\/wp\/v2\/users\/2"}],"replies":[{"embeddable":true,"href":"https:\/\/www.blogdothame.blog.br\/v1\/wp-json\/wp\/v2\/comments?post=24813"}],"version-history":[{"count":2,"href":"https:\/\/www.blogdothame.blog.br\/v1\/wp-json\/wp\/v2\/posts\/24813\/revisions"}],"predecessor-version":[{"id":24834,"href":"https:\/\/www.blogdothame.blog.br\/v1\/wp-json\/wp\/v2\/posts\/24813\/revisions\/24834"}],"wp:attachment":[{"href":"https:\/\/www.blogdothame.blog.br\/v1\/wp-json\/wp\/v2\/media?parent=24813"}],"wp:term":[{"taxonomy":"category","embeddable":true,"href":"https:\/\/www.blogdothame.blog.br\/v1\/wp-json\/wp\/v2\/categories?post=24813"},{"taxonomy":"post_tag","embeddable":true,"href":"https:\/\/www.blogdothame.blog.br\/v1\/wp-json\/wp\/v2\/tags?post=24813"}],"curies":[{"name":"wp","href":"https:\/\/api.w.org\/{rel}","templated":true}]}}