{"id":24698,"date":"2013-10-23T11:07:44","date_gmt":"2013-10-23T14:07:44","guid":{"rendered":"http:\/\/www.blogdothame.blog.br\/v1\/?p=24698"},"modified":"2013-10-23T11:07:44","modified_gmt":"2013-10-23T14:07:44","slug":"colecao-tempo-antigo-sera-lancada-na-flica","status":"publish","type":"post","link":"https:\/\/www.blogdothame.blog.br\/v1\/2013\/10\/23\/colecao-tempo-antigo-sera-lancada-na-flica\/","title":{"rendered":"Cole\u00e7\u00e3o Tempo Antigo ser\u00e1 lan\u00e7ada na Flica"},"content":{"rendered":"<p><a href=\"http:\/\/www.blogdothame.blog.br\/v1\/wp-content\/uploads\/2013\/10\/Cole\u00e7\u00e3o-Tempo-Antigo.jpg\"><img loading=\"lazy\" class=\"aligncenter size-medium wp-image-24699\" title=\"Cole\u00e7\u00e3o Tempo Antigo\" src=\"http:\/\/www.blogdothame.blog.br\/v1\/wp-content\/uploads\/2013\/10\/Cole\u00e7\u00e3o-Tempo-Antigo-300x213.jpg\" alt=\"\" width=\"300\" height=\"213\" srcset=\"https:\/\/www.blogdothame.blog.br\/v1\/wp-content\/uploads\/2013\/10\/Cole\u00e7\u00e3o-Tempo-Antigo-300x213.jpg 300w, https:\/\/www.blogdothame.blog.br\/v1\/wp-content\/uploads\/2013\/10\/Cole\u00e7\u00e3o-Tempo-Antigo.jpg 500w\" sizes=\"(max-width: 300px) 100vw, 300px\" \/><\/a><\/p>\n<p>Depois de serem lan\u00e7ados em Salvador e Lauro de Freitas, os tr\u00eas exemplares &#8211; Resumo Chron\u00f3logico e Noticioso da Prov\u00edncia da Bahia desde o seu descobrimento em 1500,\u00a0Tempo\u00a0Antigo\u00a0e \u00a0Epop\u00e9ia Itaparicana \u2013 da \u201cCole\u00e7\u00e3o\u00a0Tempo Antigo: Mem\u00f3rias da Hist\u00f3ria Bahiana\u201d ser\u00e3o lan\u00e7ados hoje (23), na Festa Liter\u00e1ria Internacional (Flica), em Cachoeira.<\/p>\n<p>O projeto foi idealizado pela escritora e produtora cultural,\u00a0 M\u00e1rcia Tude, o historiador e escritor, Gild\u00e1sio Freitas, e o pesquisador historiogr\u00e1fico, Coriolano Oliveira.\u00a0\u201cA reedi\u00e7\u00e3o dos t\u00edtulos raros vai contribuir com a hist\u00f3ria da Bahia, resgatando epis\u00f3dios do passado que emitir\u00e1 compreender o nosso pr\u00f3prio presente. A Cole\u00e7\u00e3o coloca em debate a import\u00e2ncia da preserva\u00e7\u00e3o da mem\u00f3ria e valoriza\u00e7\u00e3o dos registros hist\u00f3ricos em uma sociedade cada vez mais ef\u00eamera\u201d, destaca M\u00e1rcia.<\/p>\n<p>As obras, publicadas\u00a0pela editora Livro.com, venceram o edital da Funda\u00e7\u00e3o Pedro Calmon e conta hist\u00f3ria da Bahia, principalmente no per\u00edodo na Independ\u00eancia com destaque para a regi\u00e3o do Rec\u00f4ncavo (Cachoeira, S\u00e3o Felix), Ilha de Itaparica e Lauro de Freitas. No dia 8 de novembro, \u00e0s 16h, a Cole\u00e7\u00e3o ser\u00e1 lan\u00e7ada na Biblioteca Juracy Magalh\u00e3es Junior, em Itaparica.<\/p>\n","protected":false},"excerpt":{"rendered":"<p>Depois de serem lan\u00e7ados em Salvador e Lauro de Freitas, os tr\u00eas exemplares &#8211; Resumo Chron\u00f3logico e Noticioso da Prov\u00edncia da Bahia desde o seu descobrimento em 1500,\u00a0Tempo\u00a0Antigo\u00a0e \u00a0Epop\u00e9ia Itaparicana \u2013 da \u201cCole\u00e7\u00e3o\u00a0Tempo Antigo: Mem\u00f3rias da Hist\u00f3ria Bahiana\u201d ser\u00e3o lan\u00e7ados hoje (23), na Festa Liter\u00e1ria Internacional (Flica), em Cachoeira. O projeto foi idealizado pela escritora [&hellip;]<\/p>\n","protected":false},"author":2,"featured_media":0,"comment_status":"open","ping_status":"open","sticky":false,"template":"","format":"standard","meta":{"_links_to":"","_links_to_target":""},"categories":[1],"tags":[8058,8059],"_links":{"self":[{"href":"https:\/\/www.blogdothame.blog.br\/v1\/wp-json\/wp\/v2\/posts\/24698"}],"collection":[{"href":"https:\/\/www.blogdothame.blog.br\/v1\/wp-json\/wp\/v2\/posts"}],"about":[{"href":"https:\/\/www.blogdothame.blog.br\/v1\/wp-json\/wp\/v2\/types\/post"}],"author":[{"embeddable":true,"href":"https:\/\/www.blogdothame.blog.br\/v1\/wp-json\/wp\/v2\/users\/2"}],"replies":[{"embeddable":true,"href":"https:\/\/www.blogdothame.blog.br\/v1\/wp-json\/wp\/v2\/comments?post=24698"}],"version-history":[{"count":2,"href":"https:\/\/www.blogdothame.blog.br\/v1\/wp-json\/wp\/v2\/posts\/24698\/revisions"}],"predecessor-version":[{"id":24701,"href":"https:\/\/www.blogdothame.blog.br\/v1\/wp-json\/wp\/v2\/posts\/24698\/revisions\/24701"}],"wp:attachment":[{"href":"https:\/\/www.blogdothame.blog.br\/v1\/wp-json\/wp\/v2\/media?parent=24698"}],"wp:term":[{"taxonomy":"category","embeddable":true,"href":"https:\/\/www.blogdothame.blog.br\/v1\/wp-json\/wp\/v2\/categories?post=24698"},{"taxonomy":"post_tag","embeddable":true,"href":"https:\/\/www.blogdothame.blog.br\/v1\/wp-json\/wp\/v2\/tags?post=24698"}],"curies":[{"name":"wp","href":"https:\/\/api.w.org\/{rel}","templated":true}]}}