{"id":24519,"date":"2013-10-17T08:00:29","date_gmt":"2013-10-17T11:00:29","guid":{"rendered":"http:\/\/www.blogdothame.blog.br\/v1\/?p=24519"},"modified":"2013-10-16T18:32:39","modified_gmt":"2013-10-16T21:32:39","slug":"casa-madeira-lanca-suco-de-uvas-enriquecido-com-fibras","status":"publish","type":"post","link":"https:\/\/www.blogdothame.blog.br\/v1\/2013\/10\/17\/casa-madeira-lanca-suco-de-uvas-enriquecido-com-fibras\/","title":{"rendered":"Casa Madeira lan\u00e7a suco de uvas enriquecido com fibras"},"content":{"rendered":"<p><a href=\"http:\/\/www.blogdothame.blog.br\/v1\/wp-content\/uploads\/2013\/10\/uva-madeira1.jpg\"><img loading=\"lazy\" class=\"alignright size-medium wp-image-24521\" title=\"uva madeira\" src=\"http:\/\/www.blogdothame.blog.br\/v1\/wp-content\/uploads\/2013\/10\/uva-madeira1-106x300.jpg\" alt=\"\" width=\"106\" height=\"300\" srcset=\"https:\/\/www.blogdothame.blog.br\/v1\/wp-content\/uploads\/2013\/10\/uva-madeira1-106x300.jpg 106w, https:\/\/www.blogdothame.blog.br\/v1\/wp-content\/uploads\/2013\/10\/uva-madeira1-362x1024.jpg 362w, https:\/\/www.blogdothame.blog.br\/v1\/wp-content\/uploads\/2013\/10\/uva-madeira1.jpg 500w\" sizes=\"(max-width: 106px) 100vw, 106px\" \/><\/a>\u201cA Casa Madeira n\u00e3o vende apenas bebida e comida: vende sa\u00fade!\u201d. A frase \u00e9 do diretor-presidente da empresa, Juarez Valduga, e pode ser observada na pr\u00e1tica com a chegada ao mercado do suco de uva 100% enriquecido com fibras. A bebida com a adi\u00e7\u00e3o de fibras \u00e9 pioneira no mundo e alinhada com a tend\u00eancia de consumo de alimentos funcionais. Ao mesmo tempo em que mant\u00e9m o sabor de um produto totalmente natural e reconhecidamente saud\u00e1vel, a inclus\u00e3o das fibras sol\u00faveis conferem a sensa\u00e7\u00e3o de saciedade, al\u00e9m de auxiliar no controle da glicose, redu\u00e7\u00e3o do colesterol e bom funcionamento intestinal.<\/p>\n<p>O lan\u00e7amento da Casa Madeira, que estar\u00e1 dispon\u00edvel no Rio de Janeiro nos pr\u00f3ximos dias, abre uma linha sem precedentes no mercado, com enriquecimento de vitaminas e minerais, turbinando o suco de uva elaborado sem adi\u00e7\u00e3o de conservantes, a\u00e7\u00facar ou \u00e1gua, totalmente natural. A novidade deve estar dispon\u00edvel aos consumidores de todo o pa\u00eds nos pr\u00f3ximos dias, em embalagens de 1 litro. \u201cColocar este produto \u00e0 disposi\u00e7\u00e3o dos consumidores \u00e9 a realiza\u00e7\u00e3o de um sonho\u201d, comemora Juarez Valduga, lembrando os estudos de mercado e as pesquisas sobre necessidades fisiol\u00f3gicas e nutricionais realizadas at\u00e9 se chegar a este ponto.<\/p>\n<p><!--more--><\/p>\n<p>\u201cAlimentos funcionais s\u00e3o uma nova categoria no mercado, que ganham cada vez mais espa\u00e7o pelas vantagens que trazem \u00e0 sa\u00fade. \u00c9 uma alternativa expressiva no combate e preven\u00e7\u00e3o a doen\u00e7as, com nutrientes capazes de fornecer, al\u00e9m da nutri\u00e7\u00e3o b\u00e1sica, um desempenho terap\u00eautico espec\u00edfico\u201d, comenta o diretor da Casa Madeira.<\/p>\n<p>Para suprir todas as suas necessidades di\u00e1rias de fibras sol\u00faveis, uma pessoa necessita consumir regularmente boa quantidade de frutas e vegetais, especialmente ma\u00e7\u00e3s, laranjas e cenouras, al\u00e9m de flocos de aveia e cevada.<br \/>\nCom dois copos de suco enriquecido com fibras da Casa Madeira o consumidor ingere 100% das recomenda\u00e7\u00f5es di\u00e1rias do nutriente \u2013 isso de forma pr\u00e1tica e saud\u00e1vel, indicado para todas as idades. \u201cO que estamos oferecendo a partir de agora \u00e9 uma solu\u00e7\u00e3o em sa\u00fade, na forma de suco de uva\u201d, comenta o gerente de marketing da Casa Madeira, Fabiano Olbrisch.<\/p>\n<p>Segundo a nutricionista Fernanda Godoy Farto, o estilo de vida moderno faz com que nosso organismo n\u00e3o receba a quantidade ideal de nutrientes. \u201cEm nossa rotina di\u00e1ria, n\u00e3o nos alimentamos corretamente. Al\u00e9m disso, a pr\u00f3pria prepara\u00e7\u00e3o dos alimentos retira algumas propriedades natuais que acabam nos fazendo falta\u201d, alerta.<br \/>\nO suco de uva enriquecido com fibras da Casa Madeira mant\u00e9m as qualidades do suco de uva tradicional, sem adi\u00e7\u00e3o de conservantes, a\u00e7\u00facar ou \u00e1gua: suprimento de 100% das necessidades di\u00e1rias de ferro, zinco, cobre e mangan\u00eas. Al\u00e9m de fornecer ao organismo os benef\u00edcios dos polifen\u00f3is da uva, que possuem atividade antioxidante (retardo no processo de envelhecimento e desenvolvimento de doen\u00e7as neurodegenerativas), prote\u00e7\u00e3o contra tumores e preven\u00e7\u00e3o contra doen\u00e7as do cora\u00e7\u00e3o.<\/p>\n","protected":false},"excerpt":{"rendered":"<p>\u201cA Casa Madeira n\u00e3o vende apenas bebida e comida: vende sa\u00fade!\u201d. A frase \u00e9 do diretor-presidente da empresa, Juarez Valduga, e pode ser observada na pr\u00e1tica com a chegada ao mercado do suco de uva 100% enriquecido com fibras. A bebida com a adi\u00e7\u00e3o de fibras \u00e9 pioneira no mundo e alinhada com a tend\u00eancia [&hellip;]<\/p>\n","protected":false},"author":2,"featured_media":0,"comment_status":"open","ping_status":"open","sticky":false,"template":"","format":"standard","meta":{"_links_to":"","_links_to_target":""},"categories":[1],"tags":[8026,8028,8027],"_links":{"self":[{"href":"https:\/\/www.blogdothame.blog.br\/v1\/wp-json\/wp\/v2\/posts\/24519"}],"collection":[{"href":"https:\/\/www.blogdothame.blog.br\/v1\/wp-json\/wp\/v2\/posts"}],"about":[{"href":"https:\/\/www.blogdothame.blog.br\/v1\/wp-json\/wp\/v2\/types\/post"}],"author":[{"embeddable":true,"href":"https:\/\/www.blogdothame.blog.br\/v1\/wp-json\/wp\/v2\/users\/2"}],"replies":[{"embeddable":true,"href":"https:\/\/www.blogdothame.blog.br\/v1\/wp-json\/wp\/v2\/comments?post=24519"}],"version-history":[{"count":1,"href":"https:\/\/www.blogdothame.blog.br\/v1\/wp-json\/wp\/v2\/posts\/24519\/revisions"}],"predecessor-version":[{"id":24522,"href":"https:\/\/www.blogdothame.blog.br\/v1\/wp-json\/wp\/v2\/posts\/24519\/revisions\/24522"}],"wp:attachment":[{"href":"https:\/\/www.blogdothame.blog.br\/v1\/wp-json\/wp\/v2\/media?parent=24519"}],"wp:term":[{"taxonomy":"category","embeddable":true,"href":"https:\/\/www.blogdothame.blog.br\/v1\/wp-json\/wp\/v2\/categories?post=24519"},{"taxonomy":"post_tag","embeddable":true,"href":"https:\/\/www.blogdothame.blog.br\/v1\/wp-json\/wp\/v2\/tags?post=24519"}],"curies":[{"name":"wp","href":"https:\/\/api.w.org\/{rel}","templated":true}]}}