{"id":24372,"date":"2013-10-13T09:48:52","date_gmt":"2013-10-13T12:48:52","guid":{"rendered":"http:\/\/www.blogdothame.blog.br\/v1\/?p=24372"},"modified":"2013-10-13T09:48:52","modified_gmt":"2013-10-13T12:48:52","slug":"dilma-faz-balanco-do-pais-apos-protestos-e-diz-que-copo-esta-meio-cheio-com-vies-de-alta","status":"publish","type":"post","link":"https:\/\/www.blogdothame.blog.br\/v1\/2013\/10\/13\/dilma-faz-balanco-do-pais-apos-protestos-e-diz-que-copo-esta-meio-cheio-com-vies-de-alta\/","title":{"rendered":"Dilma faz balan\u00e7o do pa\u00eds ap\u00f3s protestos e diz que &#8220;copo est\u00e1 meio cheio com vi\u00e9s de alta&#8221;"},"content":{"rendered":"<p><em><a href=\"http:\/\/www.blogdothame.blog.br\/v1\/wp-content\/uploads\/2013\/10\/pacto.jpg\"><img loading=\"lazy\" class=\"alignleft size-full wp-image-24373\" title=\"pacto\" src=\"http:\/\/www.blogdothame.blog.br\/v1\/wp-content\/uploads\/2013\/10\/pacto.jpg\" alt=\"\" width=\"300\" height=\"225\" \/><\/a>(da Ag\u00eancia Brasil)-<\/em>A presidenta Dilma Rousseff fez hoje (12) um balan\u00e7o dos cinco pactos lan\u00e7ados ap\u00f3s as manifesta\u00e7\u00f5es ocorridas em v\u00e1rias cidades do pa\u00eds. Para a presidenta, \u201co copo est\u00e1 meio cheio, com vi\u00e9s de alta\u201d. Dilma est\u00e1 em Porto Alegre, onde anunciou\u00a0<a href=\"http:\/\/agenciabrasil.ebc.com.br\/noticia\/2013-10-12\/dilma-anuncia-investimentos-para-metro-de-porto-alegre-e-entrega-motoniveladoras\" target=\"_blank\"><strong>investimentos em mobilidade urbana<\/strong><\/a>. Melhorias na \u00e1rea s\u00e3o o objetivo de um dos\u00a0<a href=\"http:\/\/agenciabrasil.ebc.com.br\/noticia\/2013-06-24\/dilma-anuncia-mais-r-50-bilhoes-para-obras-de-mobilidade-urbana\" target=\"_blank\"><strong>pactos anunciados pelo governo em julho<\/strong><\/a>, que tamb\u00e9m incluem sa\u00fade, educa\u00e7\u00e3o, reforma pol\u00edtica e estabilidade econ\u00f4mica.<\/p>\n<p>\u201c\u00c9 importante o fato de que o Brasil \u00e9 um dos \u00fanicos pa\u00edses em que manifesta\u00e7\u00f5es n\u00e3o foram demonizadas e colocadas como um inimigo p\u00fablico n\u00famero 1. Temos escutado e entendido as vozes das ruas e temos avan\u00e7ado. Para n\u00f3s, h\u00e1 um resultado importante desse processo de pactua\u00e7\u00e3o\u201d, disse Dilma.<\/p>\n<p><!--more--><\/p>\n<p>Em rela\u00e7\u00e3o \u00e0 mobilidade, a presidenta lembrou a falta de investimentos nas \u00faltimas d\u00e9cadas. \u201cOs pactos representam, mais do que tudo, uma dire\u00e7\u00e3o. No caso especifico da mobilidade, \u00e9 o reconhecimento de que nosso pa\u00eds, h\u00e1 30, 40 anos, n\u00e3o investia em mobilidade de forma adequada, necess\u00e1ria e sistem\u00e1tica.\u201d Ela enfatizou a import\u00e2ncia dos investimentos em metr\u00f4s como a forma mais eficiente de transporte nos grandes centros. Essa modalidade, segundo a presidenta, foi improvisada na maioria das cidades.<\/p>\n<p>Outro ponto citado por Dilma como um avan\u00e7o decorrente das manifesta\u00e7\u00f5es que ocorreram foi a aprova\u00e7\u00e3o, em agosto, do\u00a0<a href=\"http:\/\/agenciabrasil.ebc.com.br\/noticia\/2013-08-14\/camara-conclui-votacao-e-projeto-dos-royalties-segue-para-sancao-presidencial\" target=\"_blank\"><strong>projeto de lei<\/strong><\/a>\u00a0que destina os\u00a0<em>royalties<\/em>\u00a0oriundos da explora\u00e7\u00e3o do petr\u00f3leo \u00e0 educa\u00e7\u00e3o e \u00e0 sa\u00fade. \u201cFoi uma grande conquista assegurada por esse momento pol\u00edtico. Por duas vezes, mandei para o Congresso a destina\u00e7\u00e3o dos\u00a0<em>royalties<\/em>\u00a0e n\u00e3o consegui aprovar\u201d, lembrou.<\/p>\n<p>Sobre a sa\u00fade, a presidenta agradeceu a aprova\u00e7\u00e3o da\u00a0<a href=\"http:\/\/agenciabrasil.ebc.com.br\/noticia\/2013-10-09\/camara-aprova-dispositivos-que-alteram-mp-do-mais-medicos-e-texto-vai-ao-senado\" target=\"_blank\"><strong>Medida Provis\u00f3ria (MP) do Programa Mais M\u00e9dicos<\/strong><\/a>pela C\u00e2mara, que agora vai \u00e0 aprecia\u00e7\u00e3o do Senado. \u201cAgrade\u00e7o ao Congresso a aprova\u00e7\u00e3o da MP, mesmo que n\u00e3o concordemos com tudo, mas com o b\u00e1sico. Queremos que esse processo de entrada dos m\u00e9dicos se acelere e se fa\u00e7a para beneficiar a popula\u00e7\u00e3o que n\u00e3o tem acesso [aos servi\u00e7os de sa\u00fade]&#8221;, disse.<\/p>\n<p>Em rela\u00e7\u00e3o \u00e0 reforma pol\u00edtica, a presidenta destacou que a medida depende do Congresso e que \u00e9 de interesse do pa\u00eds que sejam feitas mudan\u00e7as no sentido de haver mais transpar\u00eancia. Dilma lembrou as comemora\u00e7\u00f5es dos\u00a0<a href=\"http:\/\/agenciabrasil.ebc.com.br\/noticia\/2013-10-09\/constituicao-criou-condicoes-historicas-para-transicao-democratica-destaca-presidente-da-camara\" target=\"_blank\"><strong>25 anos da Constitui\u00e7\u00e3o Federal\u00a0<\/strong><\/a>e disse que, agora, o Brasil \u00e9 uma democracia experiente que precisa de &#8220;ajustamento&#8221;.<\/p>\n<p>Sobre a estabilidade econ\u00f4mica, a presidenta disse que a infla\u00e7\u00e3o est\u00e1 sob controle e que o Brasil tem uma baixa rela\u00e7\u00e3o entre a d\u00edvida e o Produto Interno Bruto (PIB) se comparado a outros pa\u00edses. \u201cEm agosto, [a rela\u00e7\u00e3o d\u00edvida\/PIB] estava em 33,4%, uma das menores do mundo. O endividamento \u00e9 bastante baixo\u201d, informou, citando tamb\u00e9m a taxa de desemprego verificada no pa\u00eds, cerca de 5,3%, que, segundo ela, \u00e9 uma \u201csitua\u00e7\u00e3o confort\u00e1vel\u201d.<\/p>\n<p>No evento do qual Dilma participou na capital ga\u00facha, tamb\u00e9m estavam presentes os ministros do Desenvolvimento Agr\u00e1rio, Pepe Vargas; da Secretaria de Direitos Humanos, Maria do Ros\u00e1rio; e da Secretaria de Comunica\u00e7\u00e3o Social, Helena Chagas; o governador do estado, Tarso Genro; o presidente da Assembleia Legislativa, Pedro Westphalen (PP); entre outras autoridades.<\/p>\n","protected":false},"excerpt":{"rendered":"<p>(da Ag\u00eancia Brasil)-A presidenta Dilma Rousseff fez hoje (12) um balan\u00e7o dos cinco pactos lan\u00e7ados ap\u00f3s as manifesta\u00e7\u00f5es ocorridas em v\u00e1rias cidades do pa\u00eds. Para a presidenta, \u201co copo est\u00e1 meio cheio, com vi\u00e9s de alta\u201d. Dilma est\u00e1 em Porto Alegre, onde anunciou\u00a0investimentos em mobilidade urbana. Melhorias na \u00e1rea s\u00e3o o objetivo de um dos\u00a0pactos [&hellip;]<\/p>\n","protected":false},"author":2,"featured_media":0,"comment_status":"open","ping_status":"open","sticky":false,"template":"","format":"standard","meta":{"_links_to":"","_links_to_target":""},"categories":[1],"tags":[43,361,7557],"_links":{"self":[{"href":"https:\/\/www.blogdothame.blog.br\/v1\/wp-json\/wp\/v2\/posts\/24372"}],"collection":[{"href":"https:\/\/www.blogdothame.blog.br\/v1\/wp-json\/wp\/v2\/posts"}],"about":[{"href":"https:\/\/www.blogdothame.blog.br\/v1\/wp-json\/wp\/v2\/types\/post"}],"author":[{"embeddable":true,"href":"https:\/\/www.blogdothame.blog.br\/v1\/wp-json\/wp\/v2\/users\/2"}],"replies":[{"embeddable":true,"href":"https:\/\/www.blogdothame.blog.br\/v1\/wp-json\/wp\/v2\/comments?post=24372"}],"version-history":[{"count":1,"href":"https:\/\/www.blogdothame.blog.br\/v1\/wp-json\/wp\/v2\/posts\/24372\/revisions"}],"predecessor-version":[{"id":24374,"href":"https:\/\/www.blogdothame.blog.br\/v1\/wp-json\/wp\/v2\/posts\/24372\/revisions\/24374"}],"wp:attachment":[{"href":"https:\/\/www.blogdothame.blog.br\/v1\/wp-json\/wp\/v2\/media?parent=24372"}],"wp:term":[{"taxonomy":"category","embeddable":true,"href":"https:\/\/www.blogdothame.blog.br\/v1\/wp-json\/wp\/v2\/categories?post=24372"},{"taxonomy":"post_tag","embeddable":true,"href":"https:\/\/www.blogdothame.blog.br\/v1\/wp-json\/wp\/v2\/tags?post=24372"}],"curies":[{"name":"wp","href":"https:\/\/api.w.org\/{rel}","templated":true}]}}