{"id":24219,"date":"2013-10-08T09:30:04","date_gmt":"2013-10-08T12:30:04","guid":{"rendered":"http:\/\/www.blogdothame.blog.br\/v1\/?p=24219"},"modified":"2013-10-08T09:32:10","modified_gmt":"2013-10-08T12:32:10","slug":"manifestacoes-travam-o-transito-em-salvador","status":"publish","type":"post","link":"https:\/\/www.blogdothame.blog.br\/v1\/2013\/10\/08\/manifestacoes-travam-o-transito-em-salvador\/","title":{"rendered":"Manifesta\u00e7\u00f5es travam o tr\u00e2nsito em Salvador"},"content":{"rendered":"<div id=\"attachment_24220\" style=\"width: 234px\" class=\"wp-caption aligncenter\"><a href=\"http:\/\/www.blogdothame.blog.br\/v1\/wp-content\/uploads\/2013\/10\/congestionamento.jpg\"><img aria-describedby=\"caption-attachment-24220\" loading=\"lazy\" class=\"size-medium wp-image-24220\" title=\"congestionamento\" src=\"http:\/\/www.blogdothame.blog.br\/v1\/wp-content\/uploads\/2013\/10\/congestionamento-224x300.jpg\" alt=\"\" width=\"224\" height=\"300\" srcset=\"https:\/\/www.blogdothame.blog.br\/v1\/wp-content\/uploads\/2013\/10\/congestionamento-224x300.jpg 224w, https:\/\/www.blogdothame.blog.br\/v1\/wp-content\/uploads\/2013\/10\/congestionamento.jpg 500w\" sizes=\"(max-width: 224px) 100vw, 224px\" \/><\/a><p id=\"caption-attachment-24220\" class=\"wp-caption-text\">A vida (n\u00e3o) passa dentro do carro<\/p><\/div>\n<p>Virou rotina: al\u00e9m de conviver com o transito infernal, moradores\u00a0 de Salvador agora enfrentar manifesta\u00e7\u00f5es que travam as principais vias da capital. Ontem, manifestantes fecharam parcialmente a Avenida . Paralela, sentido Esta\u00e7\u00e3o Rodovi\u00e1ria. O protesto \u00e9 formado por amigos e familiares da sobrinha de seis anos da ex-vereadora L\u00e9o Kret do Brasil, Franciele, morta com um tiro durante uma a\u00e7\u00e3o criminosa no bairro de Pernambu\u00e9s neste domingo (06).<\/p>\n<p>Os manifestantes, atearam fogo em pneus e liberaram apenas tr\u00eas faixas para passagem dos ve\u00edculos. Eles se retiraram do local por volta das 18h. Segundo a Transalvador, o congestionamento estendeu-se da sa\u00edda do Centro Administrativo da Bahia (CAB) at\u00e9 a Avenida \u00a0Lu\u00eds Eduardo Magalh\u00e3es. Viaturas das 82\u00aa e 1\u00aa CIPM foram enviadas para manter a ordem no local.<\/p>\n<p>&nbsp;<\/p>\n","protected":false},"excerpt":{"rendered":"<p>Virou rotina: al\u00e9m de conviver com o transito infernal, moradores\u00a0 de Salvador agora enfrentar manifesta\u00e7\u00f5es que travam as principais vias da capital. Ontem, manifestantes fecharam parcialmente a Avenida . Paralela, sentido Esta\u00e7\u00e3o Rodovi\u00e1ria. O protesto \u00e9 formado por amigos e familiares da sobrinha de seis anos da ex-vereadora L\u00e9o Kret do Brasil, Franciele, morta com [&hellip;]<\/p>\n","protected":false},"author":2,"featured_media":0,"comment_status":"open","ping_status":"open","sticky":false,"template":"","format":"standard","meta":{"_links_to":"","_links_to_target":""},"categories":[1],"tags":[7237,7915,7916],"_links":{"self":[{"href":"https:\/\/www.blogdothame.blog.br\/v1\/wp-json\/wp\/v2\/posts\/24219"}],"collection":[{"href":"https:\/\/www.blogdothame.blog.br\/v1\/wp-json\/wp\/v2\/posts"}],"about":[{"href":"https:\/\/www.blogdothame.blog.br\/v1\/wp-json\/wp\/v2\/types\/post"}],"author":[{"embeddable":true,"href":"https:\/\/www.blogdothame.blog.br\/v1\/wp-json\/wp\/v2\/users\/2"}],"replies":[{"embeddable":true,"href":"https:\/\/www.blogdothame.blog.br\/v1\/wp-json\/wp\/v2\/comments?post=24219"}],"version-history":[{"count":2,"href":"https:\/\/www.blogdothame.blog.br\/v1\/wp-json\/wp\/v2\/posts\/24219\/revisions"}],"predecessor-version":[{"id":24224,"href":"https:\/\/www.blogdothame.blog.br\/v1\/wp-json\/wp\/v2\/posts\/24219\/revisions\/24224"}],"wp:attachment":[{"href":"https:\/\/www.blogdothame.blog.br\/v1\/wp-json\/wp\/v2\/media?parent=24219"}],"wp:term":[{"taxonomy":"category","embeddable":true,"href":"https:\/\/www.blogdothame.blog.br\/v1\/wp-json\/wp\/v2\/categories?post=24219"},{"taxonomy":"post_tag","embeddable":true,"href":"https:\/\/www.blogdothame.blog.br\/v1\/wp-json\/wp\/v2\/tags?post=24219"}],"curies":[{"name":"wp","href":"https:\/\/api.w.org\/{rel}","templated":true}]}}