{"id":24212,"date":"2013-10-08T08:35:34","date_gmt":"2013-10-08T11:35:34","guid":{"rendered":"http:\/\/www.blogdothame.blog.br\/v1\/?p=24212"},"modified":"2013-10-08T08:35:34","modified_gmt":"2013-10-08T11:35:34","slug":"wagner-destaca-obras-de-abastecimento-de-agua-e-investimentos-em-seguranca","status":"publish","type":"post","link":"https:\/\/www.blogdothame.blog.br\/v1\/2013\/10\/08\/wagner-destaca-obras-de-abastecimento-de-agua-e-investimentos-em-seguranca\/","title":{"rendered":"Wagner destaca obras de abastecimento de \u00e1gua e investimentos em seguran\u00e7a"},"content":{"rendered":"<p><a href=\"http:\/\/www.blogdothame.blog.br\/v1\/wp-content\/uploads\/2013\/10\/jaques-wagner-1.jpg\"><img loading=\"lazy\" class=\"alignright size-medium wp-image-24213\" title=\"jaques-wagner (1)\" src=\"http:\/\/www.blogdothame.blog.br\/v1\/wp-content\/uploads\/2013\/10\/jaques-wagner-1-300x142.jpg\" alt=\"\" width=\"300\" height=\"142\" srcset=\"https:\/\/www.blogdothame.blog.br\/v1\/wp-content\/uploads\/2013\/10\/jaques-wagner-1-300x142.jpg 300w, https:\/\/www.blogdothame.blog.br\/v1\/wp-content\/uploads\/2013\/10\/jaques-wagner-1.jpg 630w\" sizes=\"(max-width: 300px) 100vw, 300px\" \/><\/a>Entrega de obras no interior do estado nas \u00e1reas de aquicultura, beneficiando o munic\u00edpio de Mara\u00fa, na Costa do Dend\u00ea, e abastecimento de \u00e1gua em Campo Alegre de Lourdes, Pil\u00e3o Arcado e Remanso, no Vale do S\u00e3o Francisco, s\u00e3o assuntos de destaque no Conversa com o Governador desta ter\u00e7a-feira (8). No programa, Jaques Wagner tamb\u00e9m fala sobre mobilidade urbana em Salvador, especialmente com a retomada das interven\u00e7\u00f5es no metr\u00f4 e a finaliza\u00e7\u00e3o da Via Expressa Ba\u00eda de Todos-os-Santos, e ainda de seguran\u00e7a p\u00fablica, salientando a redu\u00e7\u00e3o no \u00edndice de homic\u00eddios com as a\u00e7\u00f5es do programa Pacto pela Vida.<\/p>\n<p>Segundo o governador, a expectativa \u00e9 que a presidente Dilma Rousseff consiga um espa\u00e7o na sua agenda, na pr\u00f3xima semana, para vir a Salvador assinar o contrato para a retomada das obras do metr\u00f4. \u201cA\u00ed, de per\u00edodo em per\u00edodo, n\u00f3s estaremos inaugurando mais um trecho do metr\u00f4, que, finalmente est\u00e1 saindo do papel\u201d, diz Wagner, informando que as interven\u00e7\u00f5es j\u00e1 planejadas representam mais de 40 quil\u00f4metros.<\/p>\n<p>Ele tamb\u00e9m afirma que a Via Expressa, \u201c\u00e9 outra obra importante de mobilidade, j\u00e1 praticamente pronta, est\u00e1 na fase final\u201d, mantendo a expectativa da presidente da Rep\u00fablica tamb\u00e9m participar da inaugura\u00e7\u00e3o da obra, que, como enfatiza, vai melhorar o tr\u00e1fego na Cidade Baixa, na regi\u00e3o do Porto de Salvador. \u201cEu espero que, ao longo da entrega dessas obras, a gente possa sentir a melhoria do tr\u00e1fego da nossa querida capital\u201d.<\/p>\n<p><!--more--><\/p>\n<p><strong>Interior<\/strong>\u00a0\u2013 O governador destaca tamb\u00e9m no programa a visita que pretende fazer a todos os munic\u00edpios do interior do Estado para entregar obras em diversas \u00e1reas. Nesta quarta-feira (9), por exemplo, ele vai a Mara\u00fa, no sul baiano, entregar 60 canoas para a Col\u00f4nia de Pescadores, beneficiando pessoas que se dedicam \u00e0 pesca artesanal.<\/p>\n<p>A a\u00e7\u00e3o representa investimento de aproximadamente R$ 500 mil, do projeto Renovar, por meio de um conv\u00eanio de coopera\u00e7\u00e3o entre a Bahia Pesca, vinculada \u00e0 Secretaria da Agricultura (Seagri), e o Instituto Federal de Educa\u00e7\u00e3o, Ci\u00eancia e Tecnologia da Bahia (Ifba). \u201cPortanto, ajudando aos nossos pescadores e marisqueiras a melhorarem a sua qualidade de vida e a renda familiar\u201d.<\/p>\n<p>No s\u00e1bado (12), o governador vai a Campo Alegre de Lourdes, no Vale do S\u00e3o Francisco, assinar ordem de servi\u00e7o da constru\u00e7\u00e3o do sistema integrado de abastecimento de \u00e1gua dentro do Programa de Acelera\u00e7\u00e3o do Crescimento (PAC). No munic\u00edpio, a popula\u00e7\u00e3o utiliza po\u00e7os. S\u00e3o quase R$ 80 milh\u00f5es para beneficiar 27 mil pessoas na regi\u00e3o porque ainda vai atender a distritos de Pil\u00e3o Arcado e Remanso.<\/p>\n<p>\u201cN\u00e3o tenho d\u00favida de que essa \u00e9 a grande reden\u00e7\u00e3o de Campo Alegre de Lourdes. A obra era muito esperada. S\u00e3o 3.900 liga\u00e7\u00f5es domiciliares, e, no curso da adutora, 71 localidades atendidas. \u00c9 uma obra magn\u00edfica. Ser\u00e1 uma grande festa\u201d, afirma Wagner, quando chegar \u201ca \u00e1gua de qualidade, vinda do nosso querido rio S\u00e3o Francisco\u201d.<\/p>\n<p><strong>Pacto pela Vida<\/strong>\u00a0&#8211; O governador tamb\u00e9m destaca no programa o resultado positivo das a\u00e7\u00f5es realizadas pelo Pacto pela Vida, com a instala\u00e7\u00e3o das Bases Comunit\u00e1rias de Seguran\u00e7a. Ao longo desses dois anos de atua\u00e7\u00e3o, o programa conseguiu reduzir o \u00edndice de homic\u00eddios \u201cem toda a Bahia, particularmente em Salvador e na regi\u00e3o metropolitana\u201d.<\/p>\n<p>De acordo com ele, as Bases Comunit\u00e1rias t\u00eam se mostrado uma ferramenta tamb\u00e9m eficiente. Na maioria dos locais onde existe Base Comunit\u00e1ria h\u00e1 \u201credu\u00e7\u00e3o expressiva do n\u00famero de homic\u00eddios. \u00c9 claro que a gente cuida de outros assuntos da seguran\u00e7a, mas a vida \u00e9 o que n\u00f3s temos de mais nobre para proteger\u201d, diz.<\/p>\n<p>Jaques Wagner informa aos ouvintes que, nesta quinta-feira (10), ele participar\u00e1 da reuni\u00e3o mensal do Comit\u00ea do Pacto Pela Vida com toda a c\u00fapula da Seguran\u00e7a, Poder Judici\u00e1rio, Minist\u00e9rio P\u00fablico, Assembleia Legislativa, Defensoria P\u00fablica e alguns prefeitos em mais uma avalia\u00e7\u00e3o do programa.<\/p>\n<p>\u201cEu quero dizer \u00e0 popula\u00e7\u00e3o que eu sei que esse tema [Seguran\u00e7a P\u00fablica] hoje preocupa todas as fam\u00edlias, preocupa muito a mim, como governador, e \u00e0 presidenta Dilma Rousseff. Essa luta contra o crime \u00e9 incessante e n\u00f3s vamos at\u00e9 o final para dar tranquilidade \u00e0 nossa juventude e \u00e0s nossas fam\u00edlias\u201d, afirma o governador.<\/p>\n<p>Ele explica que o Pacto pela Vida \u201cvem trazendo resultados eficientes, com a amplia\u00e7\u00e3o do contingente policial, com a melhoria da infraestrutura para o trabalho, de toda a rede de comunica\u00e7\u00e3o e colhendo os primeiros frutos na queda de homic\u00eddios\u201d. O governador tamb\u00e9m anuncia que, at\u00e9 o final do seu governo, em 2014, haver\u00e1 incremento do n\u00famero de Bases Comunit\u00e1rias.<\/p>\n<p>O programa \u00e9 produzido pela Secretaria de Comunica\u00e7\u00e3o Social do Estado da Bahia (Secom), veiculado toda ter\u00e7a-feira, \u00e0s 7h30, pela R\u00e1dio Educadora FM 107,5 MHz e reproduzido por v\u00e1rios ve\u00edculos de comunica\u00e7\u00e3o, al\u00e9m de ficar dispon\u00edvel na p\u00e1gina www.comunicacao.ba.gov.br\/conversa e pelo telefone 0800-071-7328.<\/p>\n","protected":false},"excerpt":{"rendered":"<p>Entrega de obras no interior do estado nas \u00e1reas de aquicultura, beneficiando o munic\u00edpio de Mara\u00fa, na Costa do Dend\u00ea, e abastecimento de \u00e1gua em Campo Alegre de Lourdes, Pil\u00e3o Arcado e Remanso, no Vale do S\u00e3o Francisco, s\u00e3o assuntos de destaque no Conversa com o Governador desta ter\u00e7a-feira (8). No programa, Jaques Wagner tamb\u00e9m [&hellip;]<\/p>\n","protected":false},"author":2,"featured_media":0,"comment_status":"open","ping_status":"open","sticky":false,"template":"","format":"standard","meta":{"_links_to":"","_links_to_target":""},"categories":[1],"tags":[7913,1762,59,1797],"_links":{"self":[{"href":"https:\/\/www.blogdothame.blog.br\/v1\/wp-json\/wp\/v2\/posts\/24212"}],"collection":[{"href":"https:\/\/www.blogdothame.blog.br\/v1\/wp-json\/wp\/v2\/posts"}],"about":[{"href":"https:\/\/www.blogdothame.blog.br\/v1\/wp-json\/wp\/v2\/types\/post"}],"author":[{"embeddable":true,"href":"https:\/\/www.blogdothame.blog.br\/v1\/wp-json\/wp\/v2\/users\/2"}],"replies":[{"embeddable":true,"href":"https:\/\/www.blogdothame.blog.br\/v1\/wp-json\/wp\/v2\/comments?post=24212"}],"version-history":[{"count":2,"href":"https:\/\/www.blogdothame.blog.br\/v1\/wp-json\/wp\/v2\/posts\/24212\/revisions"}],"predecessor-version":[{"id":24215,"href":"https:\/\/www.blogdothame.blog.br\/v1\/wp-json\/wp\/v2\/posts\/24212\/revisions\/24215"}],"wp:attachment":[{"href":"https:\/\/www.blogdothame.blog.br\/v1\/wp-json\/wp\/v2\/media?parent=24212"}],"wp:term":[{"taxonomy":"category","embeddable":true,"href":"https:\/\/www.blogdothame.blog.br\/v1\/wp-json\/wp\/v2\/categories?post=24212"},{"taxonomy":"post_tag","embeddable":true,"href":"https:\/\/www.blogdothame.blog.br\/v1\/wp-json\/wp\/v2\/tags?post=24212"}],"curies":[{"name":"wp","href":"https:\/\/api.w.org\/{rel}","templated":true}]}}