{"id":23909,"date":"2013-09-25T12:01:45","date_gmt":"2013-09-25T15:01:45","guid":{"rendered":"http:\/\/www.blogdothame.blog.br\/v1\/?p=23909"},"modified":"2013-09-25T12:01:45","modified_gmt":"2013-09-25T15:01:45","slug":"caps-de-canavieiras-se-reune-com-familias-de-pacientes","status":"publish","type":"post","link":"https:\/\/www.blogdothame.blog.br\/v1\/2013\/09\/25\/caps-de-canavieiras-se-reune-com-familias-de-pacientes\/","title":{"rendered":"CAPS de Canavieiras se re\u00fane  com fam\u00edlias de pacientes"},"content":{"rendered":"<p><a href=\"http:\/\/www.blogdothame.blog.br\/v1\/wp-content\/uploads\/2013\/09\/caps-canes.jpg\"><img loading=\"lazy\" class=\"alignleft size-medium wp-image-23910\" title=\"caps canes\" src=\"http:\/\/www.blogdothame.blog.br\/v1\/wp-content\/uploads\/2013\/09\/caps-canes-300x168.jpg\" alt=\"\" width=\"300\" height=\"168\" srcset=\"https:\/\/www.blogdothame.blog.br\/v1\/wp-content\/uploads\/2013\/09\/caps-canes-300x168.jpg 300w, https:\/\/www.blogdothame.blog.br\/v1\/wp-content\/uploads\/2013\/09\/caps-canes.jpg 500w\" sizes=\"(max-width: 300px) 100vw, 300px\" \/><\/a>O Centro de Aten\u00e7\u00e3o Psicossocial CAPS) de Canavieiras promoveu um encontro com os membros das fam\u00edlias dos pacientes assistidos pela Unidade. Participaram da reuni\u00e3o a equipe multidisciplinar integrada pelo coordenador Edval J\u00fanior, o m\u00e9dico-psiquiatra Andr\u00e9 Luiz, a psic\u00f3loga Consuelo Carvalho, dentre demais colaboradores.<\/p>\n<p>Dentre os objetivos do encontro, o psiquiatra Andr\u00e9 Luiz explicou que no tratamento de sa\u00fade mental \u00e9 de vital import\u00e2ncia o inter-relacionamento entre o centro de conviv\u00eancia e a fam\u00edlia. Segundo ele, a reabilita\u00e7\u00e3o para o conv\u00edvio social necessita de cuidados, obedecendo regras b\u00e1sicas, a exemplo da regularidade no uso dos medicamentos.<\/p>\n<p>Para isso, segundo o m\u00e9dico, durante o tratamento \u00e9 preciso uma aproxima\u00e7\u00e3o mais estreita entre a equipe multidisciplinar do CAPS e os familiares, dividindo a\u00e7\u00f5es e responsabilidades. \u201cPor isso, a necessidade dessas reuni\u00f5es peri\u00f3dicas com a fam\u00edlia para que seja feita uma troca de informa\u00e7\u00f5es sobre o comportamento dos pacientes\u201d, esclareceu o m\u00e9dico Andr\u00e9 Luiz.<\/p>\n<p>Segundo o coordenador do CAPS, enfermeiro Edval J\u00fanior, a secret\u00e1ria da Sa\u00fade do Munic\u00edpio, Roberta Barros, vem desenvolvendo a\u00e7\u00f5es para equipar a unidade com novos profissionais, a exemplo de um terapeuta ocupacional. Enfatizou, ainda, J\u00fanior, novas atividades vem sendo implantadas, no sentido de promover a reinser\u00e7\u00e3o social dos usu\u00e1rios pelo acesso ao trabalho e ao lazer, a fim de fortalecer os la\u00e7os familiares e comunit\u00e1rios.<\/p>\n","protected":false},"excerpt":{"rendered":"<p>O Centro de Aten\u00e7\u00e3o Psicossocial CAPS) de Canavieiras promoveu um encontro com os membros das fam\u00edlias dos pacientes assistidos pela Unidade. Participaram da reuni\u00e3o a equipe multidisciplinar integrada pelo coordenador Edval J\u00fanior, o m\u00e9dico-psiquiatra Andr\u00e9 Luiz, a psic\u00f3loga Consuelo Carvalho, dentre demais colaboradores. Dentre os objetivos do encontro, o psiquiatra Andr\u00e9 Luiz explicou que no [&hellip;]<\/p>\n","protected":false},"author":2,"featured_media":0,"comment_status":"open","ping_status":"open","sticky":false,"template":"","format":"standard","meta":{"_links_to":"","_links_to_target":""},"categories":[1],"tags":[87,7833],"_links":{"self":[{"href":"https:\/\/www.blogdothame.blog.br\/v1\/wp-json\/wp\/v2\/posts\/23909"}],"collection":[{"href":"https:\/\/www.blogdothame.blog.br\/v1\/wp-json\/wp\/v2\/posts"}],"about":[{"href":"https:\/\/www.blogdothame.blog.br\/v1\/wp-json\/wp\/v2\/types\/post"}],"author":[{"embeddable":true,"href":"https:\/\/www.blogdothame.blog.br\/v1\/wp-json\/wp\/v2\/users\/2"}],"replies":[{"embeddable":true,"href":"https:\/\/www.blogdothame.blog.br\/v1\/wp-json\/wp\/v2\/comments?post=23909"}],"version-history":[{"count":1,"href":"https:\/\/www.blogdothame.blog.br\/v1\/wp-json\/wp\/v2\/posts\/23909\/revisions"}],"predecessor-version":[{"id":23911,"href":"https:\/\/www.blogdothame.blog.br\/v1\/wp-json\/wp\/v2\/posts\/23909\/revisions\/23911"}],"wp:attachment":[{"href":"https:\/\/www.blogdothame.blog.br\/v1\/wp-json\/wp\/v2\/media?parent=23909"}],"wp:term":[{"taxonomy":"category","embeddable":true,"href":"https:\/\/www.blogdothame.blog.br\/v1\/wp-json\/wp\/v2\/categories?post=23909"},{"taxonomy":"post_tag","embeddable":true,"href":"https:\/\/www.blogdothame.blog.br\/v1\/wp-json\/wp\/v2\/tags?post=23909"}],"curies":[{"name":"wp","href":"https:\/\/api.w.org\/{rel}","templated":true}]}}