{"id":23838,"date":"2013-09-24T08:54:57","date_gmt":"2013-09-24T11:54:57","guid":{"rendered":"http:\/\/www.blogdothame.blog.br\/v1\/?p=23838"},"modified":"2013-09-24T10:09:19","modified_gmt":"2013-09-24T13:09:19","slug":"a-alambique-agora-e-internacionaljornalistas-baianos-sao-imortaalcoolizados-na-bodeguita-del-medio","status":"publish","type":"post","link":"https:\/\/www.blogdothame.blog.br\/v1\/2013\/09\/24\/a-alambique-agora-e-internacionaljornalistas-baianos-sao-imortaalcoolizados-na-bodeguita-del-medio\/","title":{"rendered":"A Alambique agora \u00e9 internacional: jornalistas baianos s\u00e3o imortalcoolizados na Bodeguita del M\u00e9dio"},"content":{"rendered":"<div id=\"attachment_23847\" style=\"width: 310px\" class=\"wp-caption alignright\"><a href=\"http:\/\/www.blogdothame.blog.br\/v1\/wp-content\/uploads\/2013\/09\/alambique-51.jpg\"><img aria-describedby=\"caption-attachment-23847\" loading=\"lazy\" class=\"size-medium wp-image-23847\" title=\"alambique 5\" src=\"http:\/\/www.blogdothame.blog.br\/v1\/wp-content\/uploads\/2013\/09\/alambique-51-300x248.jpg\" alt=\"\" width=\"300\" height=\"248\" srcset=\"https:\/\/www.blogdothame.blog.br\/v1\/wp-content\/uploads\/2013\/09\/alambique-51-300x248.jpg 300w, https:\/\/www.blogdothame.blog.br\/v1\/wp-content\/uploads\/2013\/09\/alambique-51.jpg 500w\" sizes=\"(max-width: 300px) 100vw, 300px\" \/><\/a><p id=\"caption-attachment-23847\" class=\"wp-caption-text\">Teixeira e Thame: mojito e imortalidade<\/p><\/div>\n<p>Neste ch\u00e3o do cacau onde brotam mais literatos do que apreciadores de uma boa cacha\u00e7a, \u00e9 p\u00e1reo duro competir com as co-irm\u00e3s Academia de Letras de Itabuna (Alita) e Academia Grapiuna de Letras (Agral), pr\u00f3digas na profus\u00e3o de imortais.<\/p>\n<p>Mas, a Academia de Letras, Artes, M\u00fasica, Birita, Inutilidade, Quimeras, Utopias, Etc., a gloriosa Alambique, \u00e9 <em>pequetita \u00a0pero cumpridora<\/em>, na mod\u00e9stia de suas imortaacooliza\u00e7\u00f5es no ABC da Noite, do Caboclo Alencar.<\/p>\n<p>Na semana passada, a Alambique rompeu as fronteiras do Sul da Bahia, da Bahia e do Brasil, atravessou o oceano, atravessou o mar do Caribe e promoveu duas imortacooliza\u00e7\u00f5es em Cuba.<\/p>\n<div id=\"attachment_23841\" style=\"width: 310px\" class=\"wp-caption alignleft\"><a href=\"http:\/\/www.blogdothame.blog.br\/v1\/wp-content\/uploads\/2013\/09\/alambique-4.jpg\"><img aria-describedby=\"caption-attachment-23841\" loading=\"lazy\" class=\"size-medium wp-image-23841\" title=\"alambique 4\" src=\"http:\/\/www.blogdothame.blog.br\/v1\/wp-content\/uploads\/2013\/09\/alambique-4-300x204.jpg\" alt=\"\" width=\"300\" height=\"204\" srcset=\"https:\/\/www.blogdothame.blog.br\/v1\/wp-content\/uploads\/2013\/09\/alambique-4-300x204.jpg 300w, https:\/\/www.blogdothame.blog.br\/v1\/wp-content\/uploads\/2013\/09\/alambique-4.jpg 500w\" sizes=\"(max-width: 300px) 100vw, 300px\" \/><\/a><p id=\"caption-attachment-23841\" class=\"wp-caption-text\">Xeo e Thame: o fotografo perdeu o foco e os copos<\/p><\/div>\n<p>E n\u00e3o apenas em Cuba, mas na Bodeguita del M\u00e9dio, o boteco mais famoso do mundo.<\/p>\n<p>A honra coube aos jornalistas baianos Jos\u00e9 Carlos Teixeira e Valter X\u00e9o, este uma esp\u00e9cie de embaixador informal de Cuba na Bahia.<\/p>\n<p>Teixeira e Xeo foram imortalcoolizados pelo presidente vital\u00edcio, imortalicio e ditatorialicio da Alambique, Daniel Thame, com direito a mojito \u00a0e sem discurso de Fidel, o Castro, que tinha mais o que fazer.<\/p>\n<div id=\"attachment_23842\" style=\"width: 310px\" class=\"wp-caption aligncenter\"><a href=\"http:\/\/www.blogdothame.blog.br\/v1\/wp-content\/uploads\/2013\/09\/alambique-6.jpg\"><img aria-describedby=\"caption-attachment-23842\" loading=\"lazy\" class=\"size-medium wp-image-23842\" title=\"alambique 6\" src=\"http:\/\/www.blogdothame.blog.br\/v1\/wp-content\/uploads\/2013\/09\/alambique-6-300x146.jpg\" alt=\"\" width=\"300\" height=\"146\" srcset=\"https:\/\/www.blogdothame.blog.br\/v1\/wp-content\/uploads\/2013\/09\/alambique-6-300x146.jpg 300w, https:\/\/www.blogdothame.blog.br\/v1\/wp-content\/uploads\/2013\/09\/alambique-6.jpg 500w\" sizes=\"(max-width: 300px) 100vw, 300px\" \/><\/a><p id=\"caption-attachment-23842\" class=\"wp-caption-text\">A imortalcooliza\u00e7\u00e3o de Teixeira e Xeo foi por m\u00e9ritos&#8230;<\/p><\/div>\n","protected":false},"excerpt":{"rendered":"<p>Neste ch\u00e3o do cacau onde brotam mais literatos do que apreciadores de uma boa cacha\u00e7a, \u00e9 p\u00e1reo duro competir com as co-irm\u00e3s Academia de Letras de Itabuna (Alita) e Academia Grapiuna de Letras (Agral), pr\u00f3digas na profus\u00e3o de imortais. Mas, a Academia de Letras, Artes, M\u00fasica, Birita, Inutilidade, Quimeras, Utopias, Etc., a gloriosa Alambique, \u00e9 [&hellip;]<\/p>\n","protected":false},"author":2,"featured_media":0,"comment_status":"open","ping_status":"open","sticky":false,"template":"","format":"standard","meta":{"_links_to":"","_links_to_target":""},"categories":[1],"tags":[2134,2135,51,2136,30,2197,7821,7822,814,2138,2139,7407],"_links":{"self":[{"href":"https:\/\/www.blogdothame.blog.br\/v1\/wp-json\/wp\/v2\/posts\/23838"}],"collection":[{"href":"https:\/\/www.blogdothame.blog.br\/v1\/wp-json\/wp\/v2\/posts"}],"about":[{"href":"https:\/\/www.blogdothame.blog.br\/v1\/wp-json\/wp\/v2\/types\/post"}],"author":[{"embeddable":true,"href":"https:\/\/www.blogdothame.blog.br\/v1\/wp-json\/wp\/v2\/users\/2"}],"replies":[{"embeddable":true,"href":"https:\/\/www.blogdothame.blog.br\/v1\/wp-json\/wp\/v2\/comments?post=23838"}],"version-history":[{"count":4,"href":"https:\/\/www.blogdothame.blog.br\/v1\/wp-json\/wp\/v2\/posts\/23838\/revisions"}],"predecessor-version":[{"id":23865,"href":"https:\/\/www.blogdothame.blog.br\/v1\/wp-json\/wp\/v2\/posts\/23838\/revisions\/23865"}],"wp:attachment":[{"href":"https:\/\/www.blogdothame.blog.br\/v1\/wp-json\/wp\/v2\/media?parent=23838"}],"wp:term":[{"taxonomy":"category","embeddable":true,"href":"https:\/\/www.blogdothame.blog.br\/v1\/wp-json\/wp\/v2\/categories?post=23838"},{"taxonomy":"post_tag","embeddable":true,"href":"https:\/\/www.blogdothame.blog.br\/v1\/wp-json\/wp\/v2\/tags?post=23838"}],"curies":[{"name":"wp","href":"https:\/\/api.w.org\/{rel}","templated":true}]}}