{"id":22906,"date":"2013-08-10T15:09:33","date_gmt":"2013-08-10T18:09:33","guid":{"rendered":"http:\/\/www.blogdothame.blog.br\/v1\/?p=22906"},"modified":"2013-08-10T15:12:29","modified_gmt":"2013-08-10T18:12:29","slug":"ficc-atira-na-memoria-de-jorge-amado","status":"publish","type":"post","link":"https:\/\/www.blogdothame.blog.br\/v1\/2013\/08\/10\/ficc-atira-na-memoria-de-jorge-amado\/","title":{"rendered":"FICC atira na mem\u00f3ria de Jorge Amado"},"content":{"rendered":"<div id=\"attachment_22907\" style=\"width: 235px\" class=\"wp-caption aligncenter\"><a href=\"http:\/\/www.blogdothame.blog.br\/v1\/wp-content\/uploads\/2013\/08\/jorge.jpg\"><img aria-describedby=\"caption-attachment-22907\" loading=\"lazy\" class=\"size-full wp-image-22907\" title=\"jorge\" src=\"http:\/\/www.blogdothame.blog.br\/v1\/wp-content\/uploads\/2013\/08\/jorge.jpg\" alt=\"\" width=\"225\" height=\"300\" \/><\/a><p id=\"caption-attachment-22907\" class=\"wp-caption-text\">n\u00e3o \u00e9 apenas uma quest\u00e3o de est\u00e1tua, mas de respeito \u00e0 mem\u00f3ria de Jorge<\/p><\/div>\n<p>Para justificar o descaso com a est\u00e1tua de Jorge Amado, que sete meses depois de ser atacada a tiros e pedradas em Ferradas continua num dep\u00f3sito da \u00a0Funda\u00e7\u00e3o Itabunense de Cultura e Cidadania, o presidente da institui\u00e7\u00e3o, Roberto Jos\u00e9, disse que estava aguardando o resultado da per\u00edcia para iniciar a restaura\u00e7\u00e3o.<\/p>\n<p>Segundo ele, como a est\u00e1tua \u00e9 de resina, ela ter\u00e1 que ficar no interior \u201cCasa de Jorge Amado\u201d, em Ferradas. \u00a0Roberto Jos\u00e9 tamb\u00e9m anunciou que haver\u00e1 um concurso para a constru\u00e7\u00e3o de uma est\u00e1tua de bronze.<\/p>\n<p>Como a FICC demorou sete meses para \u00b4descobrir\u00b4 que a est\u00e1tua vandalizada n\u00e3o pode ficar em local aberto, \u00e9 de se esperar que a restaura\u00e7\u00e3o esteja conclu\u00edda antes das comemora\u00e7\u00f5es dos 200 anos do nascimento de Jorge Amado, no ano de 2112.<\/p>\n<p>Quanto \u00e0 constru\u00e7\u00e3o de uma nova est\u00e1tua, em bronze, \u00e9 mais f\u00e1cil acreditar que Jorge Amado ressuscite e atue como est\u00e1tua viva no monumento em sua homenagem.<\/p>\n<p>Com um proverbial colete e prova de balas, obviamente, embora o presidente da FICC insista na tese das pedradas. Os moradores de Ferradas, mais versados nesse quesito, falam em tiros mesmo.<\/p>\n<p>Como se pedrada ou tiro fizesse diferen\u00e7a diante da vergonha do fato em si.<\/p>\n<p>Nesse embate entre a incompet\u00eancia e o desrespeito com a mem\u00f3ria de Jorge Amado, d\u00e1 empate, com louvor.<\/p>\n<p><em>Se vivo. Jorge Amado faria 101 anos. neste s\u00e1bado, 10 de agosto de 2013.<\/em><\/p>\n","protected":false},"excerpt":{"rendered":"<p>Para justificar o descaso com a est\u00e1tua de Jorge Amado, que sete meses depois de ser atacada a tiros e pedradas em Ferradas continua num dep\u00f3sito da \u00a0Funda\u00e7\u00e3o Itabunense de Cultura e Cidadania, o presidente da institui\u00e7\u00e3o, Roberto Jos\u00e9, disse que estava aguardando o resultado da per\u00edcia para iniciar a restaura\u00e7\u00e3o. Segundo ele, como a [&hellip;]<\/p>\n","protected":false},"author":2,"featured_media":0,"comment_status":"open","ping_status":"open","sticky":false,"template":"","format":"standard","meta":{"_links_to":"","_links_to_target":""},"categories":[1],"tags":[1913,168,1948],"_links":{"self":[{"href":"https:\/\/www.blogdothame.blog.br\/v1\/wp-json\/wp\/v2\/posts\/22906"}],"collection":[{"href":"https:\/\/www.blogdothame.blog.br\/v1\/wp-json\/wp\/v2\/posts"}],"about":[{"href":"https:\/\/www.blogdothame.blog.br\/v1\/wp-json\/wp\/v2\/types\/post"}],"author":[{"embeddable":true,"href":"https:\/\/www.blogdothame.blog.br\/v1\/wp-json\/wp\/v2\/users\/2"}],"replies":[{"embeddable":true,"href":"https:\/\/www.blogdothame.blog.br\/v1\/wp-json\/wp\/v2\/comments?post=22906"}],"version-history":[{"count":2,"href":"https:\/\/www.blogdothame.blog.br\/v1\/wp-json\/wp\/v2\/posts\/22906\/revisions"}],"predecessor-version":[{"id":22909,"href":"https:\/\/www.blogdothame.blog.br\/v1\/wp-json\/wp\/v2\/posts\/22906\/revisions\/22909"}],"wp:attachment":[{"href":"https:\/\/www.blogdothame.blog.br\/v1\/wp-json\/wp\/v2\/media?parent=22906"}],"wp:term":[{"taxonomy":"category","embeddable":true,"href":"https:\/\/www.blogdothame.blog.br\/v1\/wp-json\/wp\/v2\/categories?post=22906"},{"taxonomy":"post_tag","embeddable":true,"href":"https:\/\/www.blogdothame.blog.br\/v1\/wp-json\/wp\/v2\/tags?post=22906"}],"curies":[{"name":"wp","href":"https:\/\/api.w.org\/{rel}","templated":true}]}}