{"id":22790,"date":"2013-08-07T15:22:43","date_gmt":"2013-08-07T18:22:43","guid":{"rendered":"http:\/\/www.blogdothame.blog.br\/v1\/?p=22790"},"modified":"2013-08-07T15:23:39","modified_gmt":"2013-08-07T18:23:39","slug":"wagner-dilma-se-reelege-no-1o-turno","status":"publish","type":"post","link":"https:\/\/www.blogdothame.blog.br\/v1\/2013\/08\/07\/wagner-dilma-se-reelege-no-1o-turno\/","title":{"rendered":"Wagner: \u201cDilma se reelege no 1\u00ba. turno\u201d"},"content":{"rendered":"<p><a href=\"http:\/\/www.blogdothame.blog.br\/v1\/wp-content\/uploads\/2013\/08\/jaques-wagner.jpg\"><img loading=\"lazy\" class=\"aligncenter size-medium wp-image-22791\" title=\"jaques wagner\" src=\"http:\/\/www.blogdothame.blog.br\/v1\/wp-content\/uploads\/2013\/08\/jaques-wagner-300x107.jpg\" alt=\"\" width=\"300\" height=\"107\" srcset=\"https:\/\/www.blogdothame.blog.br\/v1\/wp-content\/uploads\/2013\/08\/jaques-wagner-300x107.jpg 300w, https:\/\/www.blogdothame.blog.br\/v1\/wp-content\/uploads\/2013\/08\/jaques-wagner.jpg 1000w\" sizes=\"(max-width: 300px) 100vw, 300px\" \/><\/a><\/p>\n<p>(do Brasil 247)Cotado como poss\u00edvel coordenador da campanha de reelei\u00e7\u00e3o da presidente Dilma Rousseff no Nordeste em 2014, o governador Jaques Wagner (PT) mant\u00e9m otimismo e acredita no triunfo da amiga e correligion\u00e1ria j\u00e1 no primeiro turno da disputa. Ele concedeu entrevista \u00e0 r\u00e1dio Metr\u00f3pole nesta manh\u00e3 e refor\u00e7ou a confian\u00e7a.<\/p>\n<p>Wagner insiste na tese de que a insatisfa\u00e7\u00e3o popular expressa nas ruas em junho \u00faltimo n\u00e3o foi movimento capitaneado contra o PT nem contra a presidente Dilma, mas que &#8220;o povo hoje tem condi\u00e7\u00e3o de protestar porque a vida melhorou e essa melhora faz o povo brigar pelo que ainda n\u00e3o est\u00e1 como ele (o povo) precisa&#8221;.<\/p>\n<p>O governador da Bahia citou como exemplo da &#8220;insatisfa\u00e7\u00e3o com a pol\u00edtica&#8221; a queda de popularidade de governadores de todo o pa\u00eds. &#8220;Todos os governantes tiveram queda de aprova\u00e7\u00e3o. N\u00e3o foi s\u00f3 a presidenta. O Eduardo Campos (Pernambuco &#8211; PSB) tamb\u00e9m caiu, o Cabral (Rio de Janeiro &#8211; PMDB) teve baixa recorde. Ent\u00e3o, n\u00e3o \u00e9 nada direcionado contra ningu\u00e9m nem nenhum partido especificamente&#8221;.<\/p>\n<p>O petista lembra ainda que os prov\u00e1veis advers\u00e1rios da presidente Dilma n\u00e3o cresceram na prefer\u00eancia do eleitorado ap\u00f3s a baixa popularidade de seu governo. &#8220;Eu continuo a acreditar que a presidenta Dilma ganha a elei\u00e7\u00e3o no primeiro turno&#8221;.<\/p>\n<p>Sobre seu futuro pol\u00edtico, Jaques Wagner disse sem meias palavras que aguarda decis\u00e3o sobre a candidatura do governador de Pernambuco a presidente da Rep\u00fablica para decidir se ser\u00e1, de fato, candidato a deputado federal ou a senador com a miss\u00e3o de fortalecer o palanque de Dilma na Bahia. Contudo, o governador afirma que sua vontade \u00e9 de seguir at\u00e9 o fim do mandato em dezembro de 2014.<\/p>\n<p>&#8220;Quero continuar na cadeira at\u00e9 l\u00e1, mas tudo depende de como as coisas andarem. Depende se Eduardo Campos sair\u00e1 candidato ou n\u00e3o e como ficar\u00e1 a situa\u00e7\u00e3o do PSB na Bahia, por exemplo&#8221;. Se Eduardo for candidato, ser\u00e1 inevit\u00e1vel a candidatura da senadora L\u00eddice da Mata, do PSB, ao Governo da Bahia, tamb\u00e9m para fazer palanque. L\u00eddice \u00e9 a poss\u00edvel candidata da base governista mais bem colocada em todas as pesquisas de inten\u00e7\u00e3o de voto feitas at\u00e9 ent\u00e3o.<\/p>\n","protected":false},"excerpt":{"rendered":"<p>(do Brasil 247)Cotado como poss\u00edvel coordenador da campanha de reelei\u00e7\u00e3o da presidente Dilma Rousseff no Nordeste em 2014, o governador Jaques Wagner (PT) mant\u00e9m otimismo e acredita no triunfo da amiga e correligion\u00e1ria j\u00e1 no primeiro turno da disputa. Ele concedeu entrevista \u00e0 r\u00e1dio Metr\u00f3pole nesta manh\u00e3 e refor\u00e7ou a confian\u00e7a. Wagner insiste na tese [&hellip;]<\/p>\n","protected":false},"author":2,"featured_media":0,"comment_status":"open","ping_status":"open","sticky":false,"template":"","format":"standard","meta":{"_links_to":"","_links_to_target":""},"categories":[1],"tags":[361,4770,59,7580],"_links":{"self":[{"href":"https:\/\/www.blogdothame.blog.br\/v1\/wp-json\/wp\/v2\/posts\/22790"}],"collection":[{"href":"https:\/\/www.blogdothame.blog.br\/v1\/wp-json\/wp\/v2\/posts"}],"about":[{"href":"https:\/\/www.blogdothame.blog.br\/v1\/wp-json\/wp\/v2\/types\/post"}],"author":[{"embeddable":true,"href":"https:\/\/www.blogdothame.blog.br\/v1\/wp-json\/wp\/v2\/users\/2"}],"replies":[{"embeddable":true,"href":"https:\/\/www.blogdothame.blog.br\/v1\/wp-json\/wp\/v2\/comments?post=22790"}],"version-history":[{"count":2,"href":"https:\/\/www.blogdothame.blog.br\/v1\/wp-json\/wp\/v2\/posts\/22790\/revisions"}],"predecessor-version":[{"id":22793,"href":"https:\/\/www.blogdothame.blog.br\/v1\/wp-json\/wp\/v2\/posts\/22790\/revisions\/22793"}],"wp:attachment":[{"href":"https:\/\/www.blogdothame.blog.br\/v1\/wp-json\/wp\/v2\/media?parent=22790"}],"wp:term":[{"taxonomy":"category","embeddable":true,"href":"https:\/\/www.blogdothame.blog.br\/v1\/wp-json\/wp\/v2\/categories?post=22790"},{"taxonomy":"post_tag","embeddable":true,"href":"https:\/\/www.blogdothame.blog.br\/v1\/wp-json\/wp\/v2\/tags?post=22790"}],"curies":[{"name":"wp","href":"https:\/\/api.w.org\/{rel}","templated":true}]}}