{"id":22355,"date":"2013-07-26T09:18:42","date_gmt":"2013-07-26T12:18:42","guid":{"rendered":"http:\/\/www.blogdothame.blog.br\/v1\/?p=22355"},"modified":"2013-07-26T09:18:42","modified_gmt":"2013-07-26T12:18:42","slug":"abc-da-noite-comemora-51-anos-com-festa-no-beco-do-fuxico","status":"publish","type":"post","link":"https:\/\/www.blogdothame.blog.br\/v1\/2013\/07\/26\/abc-da-noite-comemora-51-anos-com-festa-no-beco-do-fuxico\/","title":{"rendered":"ABC da Noite comemora 51 anos com festa no Beco do Fuxico"},"content":{"rendered":"<div id=\"attachment_22356\" style=\"width: 235px\" class=\"wp-caption alignleft\"><a href=\"http:\/\/www.blogdothame.blog.br\/v1\/wp-content\/uploads\/2013\/07\/abc-da-noite-alencar-2.jpg\"><img aria-describedby=\"caption-attachment-22356\" loading=\"lazy\" class=\"size-medium wp-image-22356\" title=\"abc da noite  alencar 2\" src=\"http:\/\/www.blogdothame.blog.br\/v1\/wp-content\/uploads\/2013\/07\/abc-da-noite-alencar-2-225x300.jpg\" alt=\"\" width=\"225\" height=\"300\" srcset=\"https:\/\/www.blogdothame.blog.br\/v1\/wp-content\/uploads\/2013\/07\/abc-da-noite-alencar-2-225x300.jpg 225w, https:\/\/www.blogdothame.blog.br\/v1\/wp-content\/uploads\/2013\/07\/abc-da-noite-alencar-2.jpg 300w\" sizes=\"(max-width: 225px) 100vw, 225px\" \/><\/a><p id=\"caption-attachment-22356\" class=\"wp-caption-text\">ABC e Alencar: festa no Beco do Fuxico<\/p><\/div>\n<p>O ABC da Noite completa 51 anos de plena atividade e a comemora\u00e7\u00e3o ser\u00e1 neste s\u00e1bado (27), \u00a0a partir das 11 horas, no Beco do Fuxico, em Itabuna.\u00a0 O Caboclo Alencar, fundador do tradicional boteco grapi\u00fana, \u00a0vai receber os amigos, que fazem do ABC da Noite um ponto de encontro da boemia itabunense.<\/p>\n<p>Al\u00e9m das tradicionais batidas, haver\u00e1 vinho, cacha\u00e7a e\u00a0 salgadinhos por conta da casa, j\u00e1 que aos 81 anos de idade, o Caboclo resolveu abrir a m\u00e3o. Ded\u00e9 do Amendoim, outra figura lend\u00e1ria, tamb\u00e9m vai dar o ar na gra\u00e7a no ABC da Noite com amendoim, ovo de corda e codorna, mas ai \u00e9 por conta do fregu\u00eas.<\/p>\n<p>Em fevereiro deste ano, o pr\u00e9dio onde funciona o ABC da Noite foi tombado pela Prefeitura de Itabuna e integrado ao (parco) patrim\u00f4nio hist\u00f3rico da cidade. H\u00e1 51 anos o ABC da Noite oferece batidas \u00a0como\u00a0 lim\u00e3o, maracuj\u00e1 e gengibre, manga, caj\u00e1, caju, abacaxi e ultimamente o Cabloco Alencar inventou uma batida que mistura vodka, caj\u00e1 e abacaxi.<\/p>\n<p>Divina, como as demais pedras preciosas do card\u00e1pio de batidas abecedianas.<\/p>\n","protected":false},"excerpt":{"rendered":"<p>O ABC da Noite completa 51 anos de plena atividade e a comemora\u00e7\u00e3o ser\u00e1 neste s\u00e1bado (27), \u00a0a partir das 11 horas, no Beco do Fuxico, em Itabuna.\u00a0 O Caboclo Alencar, fundador do tradicional boteco grapi\u00fana, \u00a0vai receber os amigos, que fazem do ABC da Noite um ponto de encontro da boemia itabunense. Al\u00e9m das [&hellip;]<\/p>\n","protected":false},"author":2,"featured_media":0,"comment_status":"open","ping_status":"open","sticky":false,"template":"","format":"standard","meta":{"_links_to":"","_links_to_target":""},"categories":[1],"tags":[1946,1076,1945,39],"_links":{"self":[{"href":"https:\/\/www.blogdothame.blog.br\/v1\/wp-json\/wp\/v2\/posts\/22355"}],"collection":[{"href":"https:\/\/www.blogdothame.blog.br\/v1\/wp-json\/wp\/v2\/posts"}],"about":[{"href":"https:\/\/www.blogdothame.blog.br\/v1\/wp-json\/wp\/v2\/types\/post"}],"author":[{"embeddable":true,"href":"https:\/\/www.blogdothame.blog.br\/v1\/wp-json\/wp\/v2\/users\/2"}],"replies":[{"embeddable":true,"href":"https:\/\/www.blogdothame.blog.br\/v1\/wp-json\/wp\/v2\/comments?post=22355"}],"version-history":[{"count":1,"href":"https:\/\/www.blogdothame.blog.br\/v1\/wp-json\/wp\/v2\/posts\/22355\/revisions"}],"predecessor-version":[{"id":22357,"href":"https:\/\/www.blogdothame.blog.br\/v1\/wp-json\/wp\/v2\/posts\/22355\/revisions\/22357"}],"wp:attachment":[{"href":"https:\/\/www.blogdothame.blog.br\/v1\/wp-json\/wp\/v2\/media?parent=22355"}],"wp:term":[{"taxonomy":"category","embeddable":true,"href":"https:\/\/www.blogdothame.blog.br\/v1\/wp-json\/wp\/v2\/categories?post=22355"},{"taxonomy":"post_tag","embeddable":true,"href":"https:\/\/www.blogdothame.blog.br\/v1\/wp-json\/wp\/v2\/tags?post=22355"}],"curies":[{"name":"wp","href":"https:\/\/api.w.org\/{rel}","templated":true}]}}