{"id":21812,"date":"2013-07-10T14:45:31","date_gmt":"2013-07-10T17:45:31","guid":{"rendered":"http:\/\/www.blogdothame.blog.br\/v1\/?p=21812"},"modified":"2013-07-10T14:45:31","modified_gmt":"2013-07-10T17:45:31","slug":"dilma-anuncia-repasse-emergencial-de-r-3-bilhoes-para-os-municipios","status":"publish","type":"post","link":"https:\/\/www.blogdothame.blog.br\/v1\/2013\/07\/10\/dilma-anuncia-repasse-emergencial-de-r-3-bilhoes-para-os-municipios\/","title":{"rendered":"Dilma anuncia repasse emergencial de R$ 3 bilh\u00f5es para os munic\u00edpios"},"content":{"rendered":"<p><em style=\"font-size: 13px;\"><a href=\"http:\/\/www.blogdothame.blog.br\/v1\/wp-content\/uploads\/2013\/07\/dilma-marcha.jpg\"><img loading=\"lazy\" class=\"alignleft size-full wp-image-21813\" title=\"dilma marcha\" src=\"http:\/\/www.blogdothame.blog.br\/v1\/wp-content\/uploads\/2013\/07\/dilma-marcha.jpg\" alt=\"\" width=\"300\" height=\"225\" \/><\/a>(da Ag\u00eancia Brasil)<\/em><span style=\"font-size: 13px;\">\u00a0A presidenta Dilma Rousseff anunciou hoje (10), na Marcha dos Prefeitos, repasse emergencial de R$ 3 bilh\u00f5es aos munic\u00edpios, cuja primeira parcela estar\u00e1 dispon\u00edvel a partir de agosto, e a segunda, a partir de abril de 2014. Tamb\u00e9m haver\u00e1 facilidades para o Programa Minha Casa, Minha Vida em munic\u00edpios com menos de 50 mil habitantes, a serem executadas pelo Caixa Econ\u00f4mica Federal e pelo Banco do Brasil.<\/span><\/p>\n<div>\n<p>De acordo com Dilma, o repasse emergencial ser\u00e1 desvinculado e dirigido para o custeio de servi\u00e7os p\u00fablicos. A presidenta fez os an\u00fancios acompanhada de 25 ministros, do vice-presidente Michel Temer e dos presidentes da C\u00e2mara, Henrique Eduardo Alves (PMDB-RN), e do Senado, Renan Calheiros (PMDB-AL).<\/p>\n<p>Pouco antes de Dilma finalizar seu discurso, os prefeitos come\u00e7aram a cobrar que ela mencionasse o Fundo de Participa\u00e7\u00e3o dos Munic\u00edpios (FPM), cujo aumento entre 1% e 2% era uma das principais reivindica\u00e7\u00f5es da marcha &#8211; o que n\u00e3o ocorreu. Ao terminar a fala sem anunciar qualquer aumento, houve um misto de vaias e aplausos \u00e0 presidenta.<\/p>\n<p>Depois da sa\u00edda de Dilma, o presidente da Confedera\u00e7\u00e3o Nacional dos Munic\u00edpios (CMN), Paulo Ziulkosky, conversou com os prefeitos e condenou as vaias \u00e0 presidenta. &#8220;Tamb\u00e9m n\u00e3o era o que eu queria [R$ 3 bilh\u00f5es], mas, se n\u00e3o fosse assim, n\u00e3o viria nada&#8221;, disse.<\/p>\n<p>No discurso, a presidenta reconheceu que houve atraso na execu\u00e7\u00e3o do Programa Minha Casa, Minha Vida para os munic\u00edpios com menos de 50 mil habitantes. &#8220;A partir de agora, todos os munic\u00edpios com menos de 50 mil habitantes podem acessar o Minha Casa, Minha Vida. N\u00e3o vamos mais deixar que haja sele\u00e7\u00e3o. Estamos passando para a Caixa e o Banco do Brasil a execu\u00e7\u00e3o do programa nesses munic\u00edpios&#8221;. No total, o programa j\u00e1 entregou 1,3 milh\u00e3o de moradias e contratou mais 1,4 milh\u00e3o de unidades. A meta do programa \u00e9 entregar, at\u00e9 o final de 2014, 2,7 milh\u00f5es de moradias.<\/p>\n<p>Na \u00e1rea da sa\u00fade, Dilma anunciou mais R$ 600 milh\u00f5es por ano para o Piso de Aten\u00e7\u00e3o B\u00e1sica (PAB). Dilma ainda defendeu o uso dos\u00a0<em>royalties<\/em>\u00a0do petr\u00f3leo como fonte de recursos para o custeio de servi\u00e7os como a sa\u00fade e a educa\u00e7\u00e3o. &#8220;O governo encara essa proposta e consideramos que o crit\u00e9rio de reparti\u00e7\u00e3o tem de ser o mais equ\u00e2nime, equilibrado e democr\u00e1tico poss\u00edvel&#8221;, disse.<\/p>\n<p>Na \u00e1rea externa ao encontro dos prefeitos, houve tumulto porque v\u00e1rios representantes ficaram de fora do evento devido \u00e0 capacidade do local. Estima-se que a marcha tenha reunido cerca de 4 mil pessoas.<\/p>\n<\/div>\n","protected":false},"excerpt":{"rendered":"<p>(da Ag\u00eancia Brasil)\u00a0A presidenta Dilma Rousseff anunciou hoje (10), na Marcha dos Prefeitos, repasse emergencial de R$ 3 bilh\u00f5es aos munic\u00edpios, cuja primeira parcela estar\u00e1 dispon\u00edvel a partir de agosto, e a segunda, a partir de abril de 2014. Tamb\u00e9m haver\u00e1 facilidades para o Programa Minha Casa, Minha Vida em munic\u00edpios com menos de 50 [&hellip;]<\/p>\n","protected":false},"author":2,"featured_media":0,"comment_status":"open","ping_status":"open","sticky":false,"template":"","format":"standard","meta":{"_links_to":"","_links_to_target":""},"categories":[1],"tags":[43,7361,7363,7362],"_links":{"self":[{"href":"https:\/\/www.blogdothame.blog.br\/v1\/wp-json\/wp\/v2\/posts\/21812"}],"collection":[{"href":"https:\/\/www.blogdothame.blog.br\/v1\/wp-json\/wp\/v2\/posts"}],"about":[{"href":"https:\/\/www.blogdothame.blog.br\/v1\/wp-json\/wp\/v2\/types\/post"}],"author":[{"embeddable":true,"href":"https:\/\/www.blogdothame.blog.br\/v1\/wp-json\/wp\/v2\/users\/2"}],"replies":[{"embeddable":true,"href":"https:\/\/www.blogdothame.blog.br\/v1\/wp-json\/wp\/v2\/comments?post=21812"}],"version-history":[{"count":1,"href":"https:\/\/www.blogdothame.blog.br\/v1\/wp-json\/wp\/v2\/posts\/21812\/revisions"}],"predecessor-version":[{"id":21814,"href":"https:\/\/www.blogdothame.blog.br\/v1\/wp-json\/wp\/v2\/posts\/21812\/revisions\/21814"}],"wp:attachment":[{"href":"https:\/\/www.blogdothame.blog.br\/v1\/wp-json\/wp\/v2\/media?parent=21812"}],"wp:term":[{"taxonomy":"category","embeddable":true,"href":"https:\/\/www.blogdothame.blog.br\/v1\/wp-json\/wp\/v2\/categories?post=21812"},{"taxonomy":"post_tag","embeddable":true,"href":"https:\/\/www.blogdothame.blog.br\/v1\/wp-json\/wp\/v2\/tags?post=21812"}],"curies":[{"name":"wp","href":"https:\/\/api.w.org\/{rel}","templated":true}]}}