{"id":21713,"date":"2013-07-06T09:15:52","date_gmt":"2013-07-06T12:15:52","guid":{"rendered":"http:\/\/www.blogdothame.blog.br\/v1\/?p=21713"},"modified":"2013-07-06T09:15:52","modified_gmt":"2013-07-06T12:15:52","slug":"geraldo-simoes-defende-plebiscito-e-diz-que-oposicao-nao-quer-participacao-popular","status":"publish","type":"post","link":"https:\/\/www.blogdothame.blog.br\/v1\/2013\/07\/06\/geraldo-simoes-defende-plebiscito-e-diz-que-oposicao-nao-quer-participacao-popular\/","title":{"rendered":"Geraldo Sim\u00f5es defende plebiscito e diz que oposi\u00e7\u00e3o n\u00e3o quer participa\u00e7\u00e3o popular"},"content":{"rendered":"<p><a href=\"http:\/\/www.blogdothame.blog.br\/v1\/wp-content\/uploads\/2013\/07\/Geraldo-Simoes.jpg\"><img loading=\"lazy\" class=\"alignleft size-medium wp-image-21714\" title=\"Geraldo-Simoes\" src=\"http:\/\/www.blogdothame.blog.br\/v1\/wp-content\/uploads\/2013\/07\/Geraldo-Simoes-300x196.jpg\" alt=\"\" width=\"300\" height=\"196\" srcset=\"https:\/\/www.blogdothame.blog.br\/v1\/wp-content\/uploads\/2013\/07\/Geraldo-Simoes-300x196.jpg 300w, https:\/\/www.blogdothame.blog.br\/v1\/wp-content\/uploads\/2013\/07\/Geraldo-Simoes.jpg 320w\" sizes=\"(max-width: 300px) 100vw, 300px\" \/><\/a>O deputado federal Geraldo Sim\u00f5es (PT\/BA) defende a proposta de plebiscito encaminhada pela presidenta Dilma ao Congresso Nacional. Ele destaca que o plebiscito \u00e9 uma forma de participa\u00e7\u00e3o direta da popula\u00e7\u00e3o nas decis\u00f5es do Pa\u00eds, prevista na Constitui\u00e7\u00e3o brasileira.<\/p>\n<p>\u201cNo plebiscito a popula\u00e7\u00e3o opina sobre o que deseja e depois acompanha a elabora\u00e7\u00e3o das leis para aplicar sua op\u00e7\u00e3o. Fica de olho na atua\u00e7\u00e3o do Congresso. No referendo, ela opina sobre uma decis\u00e3o tomada pelo Congresso. Aceita ou n\u00e3o o que o Congresso j\u00e1 decidiu\u201d, afirma.<\/p>\n<p>Para Geraldo Sim\u00f5es, \u201ca oposi\u00e7\u00e3o, na verdade, n\u00e3o quer a participa\u00e7\u00e3o direta popular. Quer tomar as decis\u00f5es, para s\u00f3 depois levar o resultado para a popula\u00e7\u00e3o. Um dos seus argumentos \u00e9 que s\u00e3o quest\u00f5es muito complicadas. Ser\u00e1 que eles pensam que a popula\u00e7\u00e3o brasileira \u00e9 burra e n\u00e3o sabe o que quer?\u201d. \u201cOs brasileiros sabem o que querem. Querem maior participa\u00e7\u00e3o direta na determina\u00e7\u00e3o dos rumos do Pais. \u00c9 isso que defendemos\u201d, ressaltou o deputado.<\/p>\n<p>&nbsp;<\/p>\n","protected":false},"excerpt":{"rendered":"<p>O deputado federal Geraldo Sim\u00f5es (PT\/BA) defende a proposta de plebiscito encaminhada pela presidenta Dilma ao Congresso Nacional. Ele destaca que o plebiscito \u00e9 uma forma de participa\u00e7\u00e3o direta da popula\u00e7\u00e3o nas decis\u00f5es do Pa\u00eds, prevista na Constitui\u00e7\u00e3o brasileira. \u201cNo plebiscito a popula\u00e7\u00e3o opina sobre o que deseja e depois acompanha a elabora\u00e7\u00e3o das leis [&hellip;]<\/p>\n","protected":false},"author":2,"featured_media":0,"comment_status":"open","ping_status":"open","sticky":false,"template":"","format":"standard","meta":{"_links_to":"","_links_to_target":""},"categories":[1],"tags":[361,58,7297],"_links":{"self":[{"href":"https:\/\/www.blogdothame.blog.br\/v1\/wp-json\/wp\/v2\/posts\/21713"}],"collection":[{"href":"https:\/\/www.blogdothame.blog.br\/v1\/wp-json\/wp\/v2\/posts"}],"about":[{"href":"https:\/\/www.blogdothame.blog.br\/v1\/wp-json\/wp\/v2\/types\/post"}],"author":[{"embeddable":true,"href":"https:\/\/www.blogdothame.blog.br\/v1\/wp-json\/wp\/v2\/users\/2"}],"replies":[{"embeddable":true,"href":"https:\/\/www.blogdothame.blog.br\/v1\/wp-json\/wp\/v2\/comments?post=21713"}],"version-history":[{"count":2,"href":"https:\/\/www.blogdothame.blog.br\/v1\/wp-json\/wp\/v2\/posts\/21713\/revisions"}],"predecessor-version":[{"id":21716,"href":"https:\/\/www.blogdothame.blog.br\/v1\/wp-json\/wp\/v2\/posts\/21713\/revisions\/21716"}],"wp:attachment":[{"href":"https:\/\/www.blogdothame.blog.br\/v1\/wp-json\/wp\/v2\/media?parent=21713"}],"wp:term":[{"taxonomy":"category","embeddable":true,"href":"https:\/\/www.blogdothame.blog.br\/v1\/wp-json\/wp\/v2\/categories?post=21713"},{"taxonomy":"post_tag","embeddable":true,"href":"https:\/\/www.blogdothame.blog.br\/v1\/wp-json\/wp\/v2\/tags?post=21713"}],"curies":[{"name":"wp","href":"https:\/\/api.w.org\/{rel}","templated":true}]}}