{"id":21638,"date":"2013-07-04T09:16:11","date_gmt":"2013-07-04T12:16:11","guid":{"rendered":"http:\/\/www.blogdothame.blog.br\/v1\/?p=21638"},"modified":"2013-07-04T09:16:11","modified_gmt":"2013-07-04T12:16:11","slug":"dilma-vai-receber-indios-mst-evangelicos-e-movimento-negro","status":"publish","type":"post","link":"https:\/\/www.blogdothame.blog.br\/v1\/2013\/07\/04\/dilma-vai-receber-indios-mst-evangelicos-e-movimento-negro\/","title":{"rendered":"Dilma vai receber \u00edndios, MST, evang\u00e9licos e movimento negro"},"content":{"rendered":"<div><span style=\"font-size: 26px;\"><strong><br \/>\n<\/strong><\/span><\/div>\n<div>\n<p><em>\u00a0(da Ag\u00eancia Brasil)-<\/em>Bras\u00edlia &#8211; A presidenta Dilma Rousseff continuar\u00e1 a receber movimentos sociais e organiza\u00e7\u00f5es da sociedade civil para discutir as demandas apresentadas durante as manifesta\u00e7\u00f5es que ocorreram no pa\u00eds. No entanto, segundo o ministro da Secretaria-Geral da Presid\u00eancia, Gilberto Carvalho, nos encontros, a presidenta n\u00e3o dever\u00e1 discutir pautas tradicionais dos movimentos, mas tratar da atual situa\u00e7\u00e3o do pa\u00eds.<\/p>\n<p>Na sexta-feira (5), Dilma vai se reunir com organiza\u00e7\u00f5es ligadas ao campo, representadas por entidades como a Confedera\u00e7\u00e3o Nacional dos Trabalhadores na Agricultura (Contag), o Movimento dos Atingidos por Barragens (MAB) e o Movimento dos Trabalhadores Rurais Sem Terra (MST), al\u00e9m de quilombolas e pequenos agricultores.<\/p>\n<p>Na pr\u00f3xima semana, ser\u00e1 a vez dos povos ind\u00edgenas, que t\u00eam reuni\u00e3o marcada com Dilma na quarta-feira (10). Segundo Carvalho, as principais entidades do setor dever\u00e3o ser ouvidas. Ativistas da cultura digital, entidades e igrejas evang\u00e9licas e organiza\u00e7\u00f5es que discutem a reforma pol\u00edtica tamb\u00e9m ser\u00e3o recebidos no Pal\u00e1cio do Planalto na semana que vem.<\/p>\n<p>Entrar\u00e3o ainda na agenda presidencial encontros com representantes de organiza\u00e7\u00f5es de mulheres e do movimento negro. \u201cSer\u00e1 um ciclo novo [de reuni\u00f5es] que a gente est\u00e1 abrindo, al\u00e9m das que j\u00e1 fizemos, sempre nessa perspectiva da import\u00e2ncia de ouvir a sociedade, as demandas, aquilo que as ruas manifestaram e, a partir da\u00ed, tomar atitudes que o governo entender que s\u00e3o poss\u00edveis e que atendam \u00e0s demandas sociais\u201d.<\/p>\n<\/div>\n","protected":false},"excerpt":{"rendered":"<p>\u00a0(da Ag\u00eancia Brasil)-Bras\u00edlia &#8211; A presidenta Dilma Rousseff continuar\u00e1 a receber movimentos sociais e organiza\u00e7\u00f5es da sociedade civil para discutir as demandas apresentadas durante as manifesta\u00e7\u00f5es que ocorreram no pa\u00eds. No entanto, segundo o ministro da Secretaria-Geral da Presid\u00eancia, Gilberto Carvalho, nos encontros, a presidenta n\u00e3o dever\u00e1 discutir pautas tradicionais dos movimentos, mas tratar da [&hellip;]<\/p>\n","protected":false},"author":2,"featured_media":0,"comment_status":"open","ping_status":"open","sticky":false,"template":"","format":"standard","meta":{"_links_to":"","_links_to_target":""},"categories":[1],"tags":[361,3678,2121,7290,1662],"_links":{"self":[{"href":"https:\/\/www.blogdothame.blog.br\/v1\/wp-json\/wp\/v2\/posts\/21638"}],"collection":[{"href":"https:\/\/www.blogdothame.blog.br\/v1\/wp-json\/wp\/v2\/posts"}],"about":[{"href":"https:\/\/www.blogdothame.blog.br\/v1\/wp-json\/wp\/v2\/types\/post"}],"author":[{"embeddable":true,"href":"https:\/\/www.blogdothame.blog.br\/v1\/wp-json\/wp\/v2\/users\/2"}],"replies":[{"embeddable":true,"href":"https:\/\/www.blogdothame.blog.br\/v1\/wp-json\/wp\/v2\/comments?post=21638"}],"version-history":[{"count":1,"href":"https:\/\/www.blogdothame.blog.br\/v1\/wp-json\/wp\/v2\/posts\/21638\/revisions"}],"predecessor-version":[{"id":21639,"href":"https:\/\/www.blogdothame.blog.br\/v1\/wp-json\/wp\/v2\/posts\/21638\/revisions\/21639"}],"wp:attachment":[{"href":"https:\/\/www.blogdothame.blog.br\/v1\/wp-json\/wp\/v2\/media?parent=21638"}],"wp:term":[{"taxonomy":"category","embeddable":true,"href":"https:\/\/www.blogdothame.blog.br\/v1\/wp-json\/wp\/v2\/categories?post=21638"},{"taxonomy":"post_tag","embeddable":true,"href":"https:\/\/www.blogdothame.blog.br\/v1\/wp-json\/wp\/v2\/tags?post=21638"}],"curies":[{"name":"wp","href":"https:\/\/api.w.org\/{rel}","templated":true}]}}