{"id":21586,"date":"2013-07-02T10:34:01","date_gmt":"2013-07-02T13:34:01","guid":{"rendered":"http:\/\/www.blogdothame.blog.br\/v1\/?p=21586"},"modified":"2013-07-02T10:34:01","modified_gmt":"2013-07-02T13:34:01","slug":"dilma-deve-enviar-hoje-ao-congresso-proposta-de-convocacao-de-plebiscito","status":"publish","type":"post","link":"https:\/\/www.blogdothame.blog.br\/v1\/2013\/07\/02\/dilma-deve-enviar-hoje-ao-congresso-proposta-de-convocacao-de-plebiscito\/","title":{"rendered":"Dilma deve enviar hoje ao Congresso proposta de convoca\u00e7\u00e3o de plebiscito"},"content":{"rendered":"<p><span style=\"font-size: 13px;\">\u00a0A presidenta Dilma Rousseff confirmou que enviar\u00e1 hoje (2) ao Congresso Nacional mensagem pedindo um plebiscito para discutir a reforma pol\u00edtica. Na proposta encaminhada pelo Executivo ao Legislativo ser\u00e3o apontadas as linhas gerais, mas outros aspectos poder\u00e3o ser abordados na consulta, lembrou a presidenta. O governo, segundo ela, pretende discutir pelo menos dois pontos: o financiamento de campanha e o sistema eleitoral, mas a popula\u00e7\u00e3o ter\u00e1 a possibilidade de escolher entre o voto proporcional, distrital e misto.<\/span><\/p>\n<div>\n<p>De acordo com Dilma, a formula\u00e7\u00e3o das perguntas n\u00e3o cabe ao Pal\u00e1cio do Planalto, mas ao Congresso e ao Tribunal Superior Eleitoral (TSE). Ela lembrou que cabe exclusivamente ao Congresso Nacional o poder de convocar uma consulta popular.<\/p>\n<p>\u201cN\u00e3o vamos dar sugest\u00f5es de perguntas. Isso fica entre o Senado, a C\u00e2mara dos Deputados e o Tribunal Superior Eleitoral. Est\u00e1 claro, na Consitui\u00e7\u00e3o, que quem convoca plebiscito \u00e9 o Congresso Nacional\u201d, disse Dilma, informando que o Congresso poder\u00e1 mudar a proposta de reforma pol\u00edtica enviada pelo Planalto. (da Agencia Brasil)<\/p>\n<\/div>\n","protected":false},"excerpt":{"rendered":"<p>\u00a0A presidenta Dilma Rousseff confirmou que enviar\u00e1 hoje (2) ao Congresso Nacional mensagem pedindo um plebiscito para discutir a reforma pol\u00edtica. Na proposta encaminhada pelo Executivo ao Legislativo ser\u00e3o apontadas as linhas gerais, mas outros aspectos poder\u00e3o ser abordados na consulta, lembrou a presidenta. O governo, segundo ela, pretende discutir pelo menos dois pontos: o [&hellip;]<\/p>\n","protected":false},"author":2,"featured_media":0,"comment_status":"open","ping_status":"open","sticky":false,"template":"","format":"standard","meta":{"_links_to":"","_links_to_target":""},"categories":[1],"tags":[7314,361],"_links":{"self":[{"href":"https:\/\/www.blogdothame.blog.br\/v1\/wp-json\/wp\/v2\/posts\/21586"}],"collection":[{"href":"https:\/\/www.blogdothame.blog.br\/v1\/wp-json\/wp\/v2\/posts"}],"about":[{"href":"https:\/\/www.blogdothame.blog.br\/v1\/wp-json\/wp\/v2\/types\/post"}],"author":[{"embeddable":true,"href":"https:\/\/www.blogdothame.blog.br\/v1\/wp-json\/wp\/v2\/users\/2"}],"replies":[{"embeddable":true,"href":"https:\/\/www.blogdothame.blog.br\/v1\/wp-json\/wp\/v2\/comments?post=21586"}],"version-history":[{"count":1,"href":"https:\/\/www.blogdothame.blog.br\/v1\/wp-json\/wp\/v2\/posts\/21586\/revisions"}],"predecessor-version":[{"id":21587,"href":"https:\/\/www.blogdothame.blog.br\/v1\/wp-json\/wp\/v2\/posts\/21586\/revisions\/21587"}],"wp:attachment":[{"href":"https:\/\/www.blogdothame.blog.br\/v1\/wp-json\/wp\/v2\/media?parent=21586"}],"wp:term":[{"taxonomy":"category","embeddable":true,"href":"https:\/\/www.blogdothame.blog.br\/v1\/wp-json\/wp\/v2\/categories?post=21586"},{"taxonomy":"post_tag","embeddable":true,"href":"https:\/\/www.blogdothame.blog.br\/v1\/wp-json\/wp\/v2\/tags?post=21586"}],"curies":[{"name":"wp","href":"https:\/\/api.w.org\/{rel}","templated":true}]}}