{"id":2145,"date":"2011-07-15T16:49:44","date_gmt":"2011-07-15T19:49:44","guid":{"rendered":"http:\/\/www.blogdothame.blog.br\/v1\/?p=2145"},"modified":"2011-07-15T16:51:11","modified_gmt":"2011-07-15T19:51:11","slug":"obras-de-krajcberg-nao-sao-afetadas-por-assalto","status":"publish","type":"post","link":"https:\/\/www.blogdothame.blog.br\/v1\/2011\/07\/15\/obras-de-krajcberg-nao-sao-afetadas-por-assalto\/","title":{"rendered":"Obras de Krajcberg n\u00e3o s\u00e3o afetadas por assalto"},"content":{"rendered":"<div class=\"mceTemp\">\n<dl id=\"attachment_2146\" class=\"wp-caption alignright\" style=\"width: 310px;\">\n<dt class=\"wp-caption-dt\"><a href=\"http:\/\/www.blogdothame.blog.br\/v1\/wp-content\/uploads\/frans-k.jpg\"><img loading=\"lazy\" class=\"size-medium wp-image-2146\" title=\"frans k\" src=\"http:\/\/www.blogdothame.blog.br\/v1\/wp-content\/uploads\/frans-k-300x191.jpg\" alt=\"\" width=\"300\" height=\"191\" srcset=\"https:\/\/www.blogdothame.blog.br\/v1\/wp-content\/uploads\/frans-k-300x191.jpg 300w, https:\/\/www.blogdothame.blog.br\/v1\/wp-content\/uploads\/frans-k.jpg 470w\" sizes=\"(max-width: 300px) 100vw, 300px\" \/><\/a><\/dt>\n<dd class=\"wp-caption-dd\">Frans sofre com assaltos em sua casa museu<\/dd>\n<\/dl>\n<p>Um dos quatro assaltantes que invadiram na noite de quinta-feira (14) o s\u00edtio do artista pl\u00e1stico Frans Krajcberg, em Nova Vi\u00e7osa, no extremo sul do estado, j\u00e1 est\u00e1 custodiado na carceragem da Delegacia Territorial (DT) daquela cidade. Trata-se de Dione Reis Sampaio que, na companhia de tr\u00eas comparsas, subtraiu uma TV de LCD, certa quantia em dinheiro e uma mala contendo roupas e objetos do artista polon\u00eas, naturalizado brasileiro.<br \/>\n\u00a0\u00a0\u00a0\u00a0\u00a0\u00a0\u00a0\u00a0 Segundo informou o delegado Samuel Neto, titular de Nova Vi\u00e7osa, Dione j\u00e1 tem algumas entradas naquela unidade policial por envolvimento em pequenos furtos e estava com um mandado de pris\u00e3o em aberto pelo n\u00e3o pagamento de pens\u00e3o aliment\u00edcia. A pol\u00edcia busca agora identificar os outros tr\u00eas ladr\u00f5es que agiram em companhia de Dione.<br \/>\n\u00a0\u00a0\u00a0\u00a0\u00a0\u00a0\u00a0\u00a0 O Museu Ec\u00f3logico Frans Krajcberg n\u00e3o chegou a ser invadido pelos ladr\u00f5es e as obras do artista ali expostas n\u00e3o sofreram nenhum tipo de dano, permanecendo no local. Todos os objetos subtra\u00eddos da casa de Krajcberg j\u00e1 foram recuperados. Equipes da 8\u00aa Coordenadoria Regional de Pol\u00edcia do Interior (Coorpin), sediada em Teixeira de Freitas, est\u00e3o dando apoio nas buscas aos ladr\u00f5es.<\/p>\n<\/div>\n","protected":false},"excerpt":{"rendered":"<p>Frans sofre com assaltos em sua casa museu Um dos quatro assaltantes que invadiram na noite de quinta-feira (14) o s\u00edtio do artista pl\u00e1stico Frans Krajcberg, em Nova Vi\u00e7osa, no extremo sul do estado, j\u00e1 est\u00e1 custodiado na carceragem da Delegacia Territorial (DT) daquela cidade. Trata-se de Dione Reis Sampaio que, na companhia de tr\u00eas [&hellip;]<\/p>\n","protected":false},"author":2,"featured_media":0,"comment_status":"open","ping_status":"open","sticky":false,"template":"","format":"standard","meta":{"_links_to":"","_links_to_target":""},"categories":[1],"tags":[],"_links":{"self":[{"href":"https:\/\/www.blogdothame.blog.br\/v1\/wp-json\/wp\/v2\/posts\/2145"}],"collection":[{"href":"https:\/\/www.blogdothame.blog.br\/v1\/wp-json\/wp\/v2\/posts"}],"about":[{"href":"https:\/\/www.blogdothame.blog.br\/v1\/wp-json\/wp\/v2\/types\/post"}],"author":[{"embeddable":true,"href":"https:\/\/www.blogdothame.blog.br\/v1\/wp-json\/wp\/v2\/users\/2"}],"replies":[{"embeddable":true,"href":"https:\/\/www.blogdothame.blog.br\/v1\/wp-json\/wp\/v2\/comments?post=2145"}],"version-history":[{"count":4,"href":"https:\/\/www.blogdothame.blog.br\/v1\/wp-json\/wp\/v2\/posts\/2145\/revisions"}],"predecessor-version":[{"id":2150,"href":"https:\/\/www.blogdothame.blog.br\/v1\/wp-json\/wp\/v2\/posts\/2145\/revisions\/2150"}],"wp:attachment":[{"href":"https:\/\/www.blogdothame.blog.br\/v1\/wp-json\/wp\/v2\/media?parent=2145"}],"wp:term":[{"taxonomy":"category","embeddable":true,"href":"https:\/\/www.blogdothame.blog.br\/v1\/wp-json\/wp\/v2\/categories?post=2145"},{"taxonomy":"post_tag","embeddable":true,"href":"https:\/\/www.blogdothame.blog.br\/v1\/wp-json\/wp\/v2\/tags?post=2145"}],"curies":[{"name":"wp","href":"https:\/\/api.w.org\/{rel}","templated":true}]}}