{"id":21371,"date":"2013-06-25T09:45:00","date_gmt":"2013-06-25T12:45:00","guid":{"rendered":"http:\/\/www.blogdothame.blog.br\/v1\/?p=21371"},"modified":"2013-06-25T09:45:00","modified_gmt":"2013-06-25T12:45:00","slug":"dilma-anuncia-r-50-bilhoes-para-mobilidade-urbana","status":"publish","type":"post","link":"https:\/\/www.blogdothame.blog.br\/v1\/2013\/06\/25\/dilma-anuncia-r-50-bilhoes-para-mobilidade-urbana\/","title":{"rendered":"Dilma anuncia R$ 50 bilh\u00f5es para mobilidade urbana"},"content":{"rendered":"<p><a href=\"http:\/\/www.blogdothame.blog.br\/v1\/wp-content\/uploads\/2013\/06\/dilma-bs.jpg\"><img loading=\"lazy\" class=\"alignleft size-medium wp-image-21372\" title=\"dilma bs\" src=\"http:\/\/www.blogdothame.blog.br\/v1\/wp-content\/uploads\/2013\/06\/dilma-bs-300x196.jpg\" alt=\"\" width=\"300\" height=\"196\" srcset=\"https:\/\/www.blogdothame.blog.br\/v1\/wp-content\/uploads\/2013\/06\/dilma-bs-300x196.jpg 300w, https:\/\/www.blogdothame.blog.br\/v1\/wp-content\/uploads\/2013\/06\/dilma-bs.jpg 800w\" sizes=\"(max-width: 300px) 100vw, 300px\" \/><\/a>A presidenta Dilma Rousseff anunciou \u00a0que o governo vai disponibilizar mais R$50 bilh\u00f5es para investimentos em obras de mobilidade urbana. O an\u00fancio \u00e9 uma resposta \u00e0 onda de manifesta\u00e7\u00f5es que ocorrem no pa\u00eds h\u00e1 mais de uma semana e que teve origem na reivindica\u00e7\u00e3o do Movimento Passe Livre pela redu\u00e7\u00e3o da tarifa de \u00f4nibus em S\u00e3o Paulo.<\/p>\n<p>Dilma se reuniu com representantes do MPL e fez o an\u00fancio ao abrir uma reuni\u00e3o com 27 governadores e 26 prefeitos de capitais no Pal\u00e1cio do Planalto. \u201cTenho certeza de que nos \u00faltimos anos, o Brasil tem tido grande investimento na \u00e1rea de transporte coletivo urbano. Nosso pacto precisa assegurar tamb\u00e9m uma grande participa\u00e7\u00e3o da sociedade na discuss\u00e3o pol\u00edtica do transporte, com maior transpar\u00eancia no c\u00e1lculo das tarifas\u201d, disse.<\/p>\n<p>A presidenta tamb\u00e9m anunciou a cria\u00e7\u00e3o de um Conselho Nacional de Transporte P\u00fablico, com a participa\u00e7\u00e3o da sociedade e que dever\u00e1 ter vers\u00f5es municipais.<\/p>\n<p>Al\u00e9m das iniciativas para mobilidade urbana e transporte, Dilma reiterou medidas anunciadas em pronunciamento \u00e0 na\u00e7\u00e3o na \u00faltima sexta-feira (21), quando disse que faria um pacto nacional com estados e munic\u00edpios para melhoria dos servi\u00e7os p\u00fablicos.<\/p>\n<p>A presidenta tamb\u00e9m\u00a0<a href=\"http:\/\/agenciabrasil.ebc.com.br\/noticia\/2013-06-24\/dilma-propoe-plebiscito-para-constituinte-da-reforma-politica\" target=\"_blank\">prop\u00f4s um plebiscito<\/a>\u00a0a fim de convocar uma Constituinte para a reforma pol\u00edtica, al\u00e9m de penas mais efetivas para corrup\u00e7\u00e3o, que poder\u00e1 ser classificada como crime hediondo.<\/p>\n<p>Na \u00e1rea de sa\u00fade, Dilma refor\u00e7ou a inten\u00e7\u00e3o do governo de contratar m\u00e9dicos estrangeiros para trabalhar no Sistema \u00danico de Sa\u00fade (SUS), principalmente em regi\u00f5es onde faltam mais profissionais.<\/p>\n<p>\u201cQuando n\u00e3o houver disponibilidade de profissionais brasileiros, contrataremos m\u00e9dicos estrangeiros para trabalhar exclusivamente no SUS. N\u00e3o se trata de medida hostil ou desrespeitos com os nossos profissionais, trata-se de a\u00e7\u00e3o emergencial e localizada. Sempre oferecemos primeiros aos brasileiros as vagas, s\u00f3 depois chamaremos os estrangeiros\u201d, declarou a presidenta.<\/p>\n<p>Segundo ela, o Brasil \u00e9 um dos pa\u00edses com menor presen\u00e7a de m\u00e9dicos estrangeiros &#8211; menos de 2% do total de profissionais que atuam no pa\u00eds \u2013 e que h\u00e1 regi\u00f5es onde n\u00e3o existe atendimento m\u00e9dico suficiente. \u201c\u00c9 precisos ficar claro que a sa\u00fade do cidad\u00e3o deve prevalecer sobre qualquer interesse\u201d, disse.<\/p>\n<p>Dilma convocou os governadores e prefeitos para que acelerem os investimentos j\u00e1 contratados em hospitais, unidades de Pronto-Atendimento e unidades b\u00e1sicas de Sa\u00fade e a ampliar a ades\u00e3o de hospitais filantr\u00f3picos ao programa que troca d\u00edvidas por atendimentos.<\/p>\n<p>Para aumentar investimentos em educa\u00e7\u00e3o \u2013 outro ponto do pacto nacional \u2013 Dilma reiterou que o governo defende a utiliza\u00e7\u00e3o de 100% dos\u00a0<em>royalties\u00a0<\/em>do petr\u00f3leo e 50% do Fundo Social do pr\u00e9-sal para o setor. A proposta depende de aprova\u00e7\u00e3o do Congresso Nacional. \u201cConfio que os senhores congressistas aprovem esse projeto que tramita com urg\u00eancia no Congresso Nacional. Acredito que todos n\u00f3s sabemos que o esfor\u00e7o de investir em educa\u00e7\u00e3o transforma um pa\u00eds em uma na\u00e7\u00e3o desenvolvida\u201d.<\/p>\n<p>Ao finalizar o discurso, Dilma voltou a dizer que seu governo est\u00e1 ouvindo \u201ca voz das ruas\u201d e que \u00e9 poss\u00edvel aproveitar este \u201cimpulso\u201d para melhorar o pa\u00eds.<\/p>\n","protected":false},"excerpt":{"rendered":"<p>A presidenta Dilma Rousseff anunciou \u00a0que o governo vai disponibilizar mais R$50 bilh\u00f5es para investimentos em obras de mobilidade urbana. O an\u00fancio \u00e9 uma resposta \u00e0 onda de manifesta\u00e7\u00f5es que ocorrem no pa\u00eds h\u00e1 mais de uma semana e que teve origem na reivindica\u00e7\u00e3o do Movimento Passe Livre pela redu\u00e7\u00e3o da tarifa de \u00f4nibus em [&hellip;]<\/p>\n","protected":false},"author":2,"featured_media":0,"comment_status":"open","ping_status":"open","sticky":false,"template":"","format":"standard","meta":{"_links_to":"","_links_to_target":""},"categories":[1],"tags":[153,361,103,7272],"_links":{"self":[{"href":"https:\/\/www.blogdothame.blog.br\/v1\/wp-json\/wp\/v2\/posts\/21371"}],"collection":[{"href":"https:\/\/www.blogdothame.blog.br\/v1\/wp-json\/wp\/v2\/posts"}],"about":[{"href":"https:\/\/www.blogdothame.blog.br\/v1\/wp-json\/wp\/v2\/types\/post"}],"author":[{"embeddable":true,"href":"https:\/\/www.blogdothame.blog.br\/v1\/wp-json\/wp\/v2\/users\/2"}],"replies":[{"embeddable":true,"href":"https:\/\/www.blogdothame.blog.br\/v1\/wp-json\/wp\/v2\/comments?post=21371"}],"version-history":[{"count":1,"href":"https:\/\/www.blogdothame.blog.br\/v1\/wp-json\/wp\/v2\/posts\/21371\/revisions"}],"predecessor-version":[{"id":21373,"href":"https:\/\/www.blogdothame.blog.br\/v1\/wp-json\/wp\/v2\/posts\/21371\/revisions\/21373"}],"wp:attachment":[{"href":"https:\/\/www.blogdothame.blog.br\/v1\/wp-json\/wp\/v2\/media?parent=21371"}],"wp:term":[{"taxonomy":"category","embeddable":true,"href":"https:\/\/www.blogdothame.blog.br\/v1\/wp-json\/wp\/v2\/categories?post=21371"},{"taxonomy":"post_tag","embeddable":true,"href":"https:\/\/www.blogdothame.blog.br\/v1\/wp-json\/wp\/v2\/tags?post=21371"}],"curies":[{"name":"wp","href":"https:\/\/api.w.org\/{rel}","templated":true}]}}