{"id":21356,"date":"2013-06-24T11:35:08","date_gmt":"2013-06-24T14:35:08","guid":{"rendered":"http:\/\/www.blogdothame.blog.br\/v1\/?p=21356"},"modified":"2013-06-24T11:35:08","modified_gmt":"2013-06-24T14:35:08","slug":"dilma-se-reune-com-governadores-prefeitos-e-lideres-de-manifestacoes","status":"publish","type":"post","link":"https:\/\/www.blogdothame.blog.br\/v1\/2013\/06\/24\/dilma-se-reune-com-governadores-prefeitos-e-lideres-de-manifestacoes\/","title":{"rendered":"Dilma se re\u00fane com governadores, prefeitos e l\u00edderes de manifesta\u00e7\u00f5es"},"content":{"rendered":"<p>(da Agencia Brasil) Depois de uma semana de manifesta\u00e7\u00f5es nas principais cidades do pa\u00eds, a presidenta Dilma Rousseff se re\u00fane hoje (24) com governadores e prefeitos das capitais. \u00c0s 13h30, ela ter\u00e1 encontro com l\u00edderes dos protestos que ocorrem no pa\u00eds.<\/p>\n<p>Na sexta-feira (21), em cadeia nacional de r\u00e1dio e televis\u00e3o, ela defendeu o direito de protestar, mas condenou o vandalismo e os atos de viol\u00eancia. A presidenta disse que est\u00e1 atenta \u00e0s reivindica\u00e7\u00f5es e que o pedido de mudan\u00e7a \u00e9 leg\u00edtimo.<\/p>\n<p>\u201cOs manifestantes t\u00eam o direito e a liberdade de questionar e criticar tudo, de propor e exigir mudan\u00e7as, de lutar por mais qualidade de vida, de defender com paix\u00e3o suas ideias e propostas, mas precisam fazer isso de forma pac\u00edfica e ordeira\u201d, disse.<\/p>\n<p>Dilma alertou que \u201co governo e a sociedade n\u00e3o podem aceitar que uma minoria violenta e autorit\u00e1ria destrua o patrim\u00f4nio p\u00fablico e privado, ataque templos, incendeie carros, apedreje \u00f4nibus e tente levar o caos aos nossos principais centros urbanos. Essa viol\u00eancia, promovida por uma minoria, n\u00e3o pode manchar um movimento pac\u00edfico e democr\u00e1tico\u201d.<\/p>\n<p>A presidenta conversa com os prefeitos das capitais \u00e0s 16h, mas antes, ao meio-dia, eles participam de reuni\u00e3o na sede da Frente Nacional de Prefeitos. Paralelamente, o secret\u00e1rio-geral da Presid\u00eancia, Gilberto Carvalho, estar\u00e1, \u00e0s 15h, no Rio de Janeiro, para se reunir com o governador S\u00e9rgio Cabral e com o prefeito Eduardo Paes.<\/p>\n<p>No pronunciamento do \u00faltimo dia 21, Dilma disse estar atenta \u00e0s demandas dos manifestantes. \u201cEu quero repetir que o meu governo est\u00e1 ouvindo as vozes democr\u00e1ticas que pedem mudan\u00e7a. Quero dizer a voc\u00eas que foram pacificamente \u00e0s ruas: estou ouvindo voc\u00eas! E n\u00e3o vou transigir com a viol\u00eancia e a arrua\u00e7a. Ser\u00e1 sempre em paz, com liberdade e democracia que vamos continuar construindo juntos este nosso grande pa\u00eds\u201d.<\/p>\n","protected":false},"excerpt":{"rendered":"<p>(da Agencia Brasil) Depois de uma semana de manifesta\u00e7\u00f5es nas principais cidades do pa\u00eds, a presidenta Dilma Rousseff se re\u00fane hoje (24) com governadores e prefeitos das capitais. \u00c0s 13h30, ela ter\u00e1 encontro com l\u00edderes dos protestos que ocorrem no pa\u00eds. Na sexta-feira (21), em cadeia nacional de r\u00e1dio e televis\u00e3o, ela defendeu o direito [&hellip;]<\/p>\n","protected":false},"author":2,"featured_media":0,"comment_status":"open","ping_status":"open","sticky":false,"template":"","format":"standard","meta":{"_links_to":"","_links_to_target":""},"categories":[1],"tags":[361,6287,7237,7267],"_links":{"self":[{"href":"https:\/\/www.blogdothame.blog.br\/v1\/wp-json\/wp\/v2\/posts\/21356"}],"collection":[{"href":"https:\/\/www.blogdothame.blog.br\/v1\/wp-json\/wp\/v2\/posts"}],"about":[{"href":"https:\/\/www.blogdothame.blog.br\/v1\/wp-json\/wp\/v2\/types\/post"}],"author":[{"embeddable":true,"href":"https:\/\/www.blogdothame.blog.br\/v1\/wp-json\/wp\/v2\/users\/2"}],"replies":[{"embeddable":true,"href":"https:\/\/www.blogdothame.blog.br\/v1\/wp-json\/wp\/v2\/comments?post=21356"}],"version-history":[{"count":1,"href":"https:\/\/www.blogdothame.blog.br\/v1\/wp-json\/wp\/v2\/posts\/21356\/revisions"}],"predecessor-version":[{"id":21357,"href":"https:\/\/www.blogdothame.blog.br\/v1\/wp-json\/wp\/v2\/posts\/21356\/revisions\/21357"}],"wp:attachment":[{"href":"https:\/\/www.blogdothame.blog.br\/v1\/wp-json\/wp\/v2\/media?parent=21356"}],"wp:term":[{"taxonomy":"category","embeddable":true,"href":"https:\/\/www.blogdothame.blog.br\/v1\/wp-json\/wp\/v2\/categories?post=21356"},{"taxonomy":"post_tag","embeddable":true,"href":"https:\/\/www.blogdothame.blog.br\/v1\/wp-json\/wp\/v2\/tags?post=21356"}],"curies":[{"name":"wp","href":"https:\/\/api.w.org\/{rel}","templated":true}]}}