{"id":21016,"date":"2013-06-12T15:16:43","date_gmt":"2013-06-12T18:16:43","guid":{"rendered":"http:\/\/www.blogdothame.blog.br\/v1\/?p=21016"},"modified":"2013-06-12T15:17:33","modified_gmt":"2013-06-12T18:17:33","slug":"comissao-de-meio-ambiente-da-camara-dos-deputados-aprova-projeto-cacau-cabruca","status":"publish","type":"post","link":"https:\/\/www.blogdothame.blog.br\/v1\/2013\/06\/12\/comissao-de-meio-ambiente-da-camara-dos-deputados-aprova-projeto-cacau-cabruca\/","title":{"rendered":"Comiss\u00e3o de Meio Ambiente da C\u00e2mara dos Deputados aprova projeto Cacau Cabruca"},"content":{"rendered":"<p><a href=\"http:\/\/www.blogdothame.blog.br\/v1\/wp-content\/uploads\/2013\/06\/cacau21.jpg\"><img loading=\"lazy\" class=\"aligncenter size-medium wp-image-21017\" title=\"cacau2\" src=\"http:\/\/www.blogdothame.blog.br\/v1\/wp-content\/uploads\/2013\/06\/cacau21-300x240.jpg\" alt=\"\" width=\"300\" height=\"240\" srcset=\"https:\/\/www.blogdothame.blog.br\/v1\/wp-content\/uploads\/2013\/06\/cacau21-300x240.jpg 300w, https:\/\/www.blogdothame.blog.br\/v1\/wp-content\/uploads\/2013\/06\/cacau21.jpg 500w\" sizes=\"(max-width: 300px) 100vw, 300px\" \/><\/a>O deputado federal Geraldo Sim\u00f5es destacou \u00a0a aprova\u00e7\u00e3o hoje (12) pela Comiss\u00e3o de Meio Ambiente e Desenvolvimento Sustent\u00e1vel do Projeto de Lei n\u00ba 4.995 de 2009, o chamado Projeto Cabruca. O projeto \u00e9 de autoria do deputado e segundo ele \u201cter\u00e1 grande impacto na regi\u00e3o cacaueira do sul da Bahia e na preserva\u00e7\u00e3o da Mata Atl\u00e2ntica, al\u00e9m de poder servir de modelo para a produ\u00e7\u00e3o agr\u00edcola combinada com a preserva\u00e7\u00e3o ambiental\u201d.<\/p>\n<p>O projeto define o que \u00e9 o Sistema Cabruca, permitindo sua identifica\u00e7\u00e3o legal, como o sistema da cultura do cacau combinado com a exist\u00eancia de 40 indiv\u00edduos de esp\u00e9cies nativas por hectares; al\u00e9m de metas para a conserva\u00e7\u00e3o das \u00e1reas tradicionais, como a preserva\u00e7\u00e3o do Sistema Cabruca na conserva\u00e7\u00e3o da Mata Atl\u00e2ntica.<\/p>\n<p><!--more--><\/p>\n<p>Tamb\u00e9m prev\u00ea a integra\u00e7\u00e3o de corredores ecol\u00f3gicos, o manejo da agrobiodiversidade, de acordo \u00e0 Lei n\u00ba 11.428\/2006, a conserva\u00e7\u00e3o da flora e da fauna, o resgate das esp\u00e9cies nativas, capacita\u00e7\u00e3o de trabalhadores, educa\u00e7\u00e3o ambiental e est\u00edmulo ao turismo rural, al\u00e9m de cria\u00e7\u00e3o de Reservas Particulares de Patrim\u00f4nio Natural \u2013 RPPN.<\/p>\n<p>De acordo com o projeto, \u00a0o poder p\u00fablico dever\u00e1 incentivar economicamente e estimular o Sistema Cabruca, inclusive determinando a prioridade para incentivos econ\u00f4micos \u00e0s \u00e1reas onde houver remanescente da vegeta\u00e7\u00e3o nativa. Al\u00e9m disso, a proposta define bases para o manejo e o est\u00edmulo pelo poder p\u00fablico para a implanta\u00e7\u00e3o do Sistema onde a densidade vegetal de esp\u00e9cies nativas \u00e9 inferior \u00e1 determinada no artigo 1\u00ba, buscando ampliar a recupera\u00e7\u00e3o da mata Atl\u00e2ntica.<\/p>\n<p>Geraldo Sim\u00f5es ressaltou \u201ca import\u00e2ncia do desenvolvimento sustent\u00e1vel, que s\u00f3 pode ser conseguido com base da combina\u00e7\u00e3o entre a preserva\u00e7\u00e3o do meio ambiente e formas de cultivo compat\u00edveis com as necessidades da produ\u00e7\u00e3o e da manuten\u00e7\u00e3o da economia\u201d.<\/p>\n<p>\u201cSinto sinceramente que nossa regi\u00e3o cacaueira do Sul da Bahia ter\u00e1 um futuro promissor, com condi\u00e7\u00f5es de garantir uma vida digna a todos, se lograrmos combinar os investimentos atuais em infraestrutura que atualmente se verificam, com investimentos na educa\u00e7\u00e3o, que ser\u00e3o uma realidade com a UFESBA, com as pol\u00edticas sociais do Governo Federal e do Estado, com a implanta\u00e7\u00e3o de sistemas de produ\u00e7\u00e3o agr\u00edcola combinados com a preserva\u00e7\u00e3o ambiental e com o desenvolvimento do turismo, inclusive do turismo ecol\u00f3gico\u201d, disse o deputado..<\/p>\n<p>\u201cSabendo manter o rumo das conquistas econ\u00f4micas e sociais que estamos logrando, sem nos desanimar pelas dificuldades conjunturais e sem dar ouvidos \u00e0s aves de mau agouro que, em fun\u00e7\u00e3o das elei\u00e7\u00f5es que se aproximam, buscam levar o Brasil a uma crise artificial, tenho confian\u00e7a no futuro de nossa regi\u00e3o\u201d, finalizou.<\/p>\n","protected":false},"excerpt":{"rendered":"<p>O deputado federal Geraldo Sim\u00f5es destacou \u00a0a aprova\u00e7\u00e3o hoje (12) pela Comiss\u00e3o de Meio Ambiente e Desenvolvimento Sustent\u00e1vel do Projeto de Lei n\u00ba 4.995 de 2009, o chamado Projeto Cabruca. O projeto \u00e9 de autoria do deputado e segundo ele \u201cter\u00e1 grande impacto na regi\u00e3o cacaueira do sul da Bahia e na preserva\u00e7\u00e3o da Mata [&hellip;]<\/p>\n","protected":false},"author":2,"featured_media":0,"comment_status":"open","ping_status":"open","sticky":false,"template":"","format":"standard","meta":{"_links_to":"","_links_to_target":""},"categories":[1],"tags":[2515,58,7189,185],"_links":{"self":[{"href":"https:\/\/www.blogdothame.blog.br\/v1\/wp-json\/wp\/v2\/posts\/21016"}],"collection":[{"href":"https:\/\/www.blogdothame.blog.br\/v1\/wp-json\/wp\/v2\/posts"}],"about":[{"href":"https:\/\/www.blogdothame.blog.br\/v1\/wp-json\/wp\/v2\/types\/post"}],"author":[{"embeddable":true,"href":"https:\/\/www.blogdothame.blog.br\/v1\/wp-json\/wp\/v2\/users\/2"}],"replies":[{"embeddable":true,"href":"https:\/\/www.blogdothame.blog.br\/v1\/wp-json\/wp\/v2\/comments?post=21016"}],"version-history":[{"count":2,"href":"https:\/\/www.blogdothame.blog.br\/v1\/wp-json\/wp\/v2\/posts\/21016\/revisions"}],"predecessor-version":[{"id":21019,"href":"https:\/\/www.blogdothame.blog.br\/v1\/wp-json\/wp\/v2\/posts\/21016\/revisions\/21019"}],"wp:attachment":[{"href":"https:\/\/www.blogdothame.blog.br\/v1\/wp-json\/wp\/v2\/media?parent=21016"}],"wp:term":[{"taxonomy":"category","embeddable":true,"href":"https:\/\/www.blogdothame.blog.br\/v1\/wp-json\/wp\/v2\/categories?post=21016"},{"taxonomy":"post_tag","embeddable":true,"href":"https:\/\/www.blogdothame.blog.br\/v1\/wp-json\/wp\/v2\/tags?post=21016"}],"curies":[{"name":"wp","href":"https:\/\/api.w.org\/{rel}","templated":true}]}}