{"id":20597,"date":"2013-05-29T08:44:54","date_gmt":"2013-05-29T11:44:54","guid":{"rendered":"http:\/\/www.blogdothame.blog.br\/v1\/?p=20597"},"modified":"2013-05-29T08:44:54","modified_gmt":"2013-05-29T11:44:54","slug":"sem-acordo-com-mp-produtores-do-oeste-baiano-nao-vao-aplicar-produto-contra-ataque-da-lagarta-helicoverpa","status":"publish","type":"post","link":"https:\/\/www.blogdothame.blog.br\/v1\/2013\/05\/29\/sem-acordo-com-mp-produtores-do-oeste-baiano-nao-vao-aplicar-produto-contra-ataque-da-lagarta-helicoverpa\/","title":{"rendered":"Sem acordo com MP, produtores do Oeste baiano n\u00e3o v\u00e3o aplicar produto contra ataque da lagarta Helicoverpa"},"content":{"rendered":"<p style=\"text-align: left;\" align=\"center\"><span style=\"font-size: 13px;\"><a href=\"http:\/\/www.blogdothame.blog.br\/v1\/wp-content\/uploads\/2013\/05\/reuni\u00e3o-lagarta.jpg\"><img loading=\"lazy\" class=\"alignright size-full wp-image-20598\" title=\"reuni\u00e3o lagarta\" src=\"http:\/\/www.blogdothame.blog.br\/v1\/wp-content\/uploads\/2013\/05\/reuni\u00e3o-lagarta.jpg\" alt=\"\" width=\"226\" height=\"151\" \/><\/a>\u00a0Depois de meses de muitas discuss\u00f5es com o Minist\u00e9rio da Agricultura e com os Minist\u00e9rios P\u00fablicos Estadual, Federal e do Trabalho, buscando solu\u00e7\u00e3o para a praga que est\u00e1 destruindo as lavouras da soja e algod\u00e3o em nove munic\u00edpios do Oeste da Bahia, os produtores, representados por suas associa\u00e7\u00f5es, resolveram n\u00e3o bater de frente, neste momento, com o MP, que vetou o uso do Benzoato de Emamectina, e n\u00e3o aplicar este produto, \u00fanico capaz de combater a lagarta Helicoverpa Armigera. Eles decidiram tamb\u00e9m que v\u00e3o solicitar uma reuni\u00e3o com todas as inst\u00e2ncias do MP para posicion\u00e1-los sobre a gravidade do problema, e levar o assunto \u00e0 presidente Dilma Rousseff. \u201cO preju\u00edzo j\u00e1 est\u00e1 consolidado este ano e n\u00e3o temos como recuperar o que foi perdido. Vamos buscar alternativas para a pr\u00f3xima safra\u201d, disse a presidente da Associa\u00e7\u00e3o dos Produtores de Algod\u00e3o da Bahia, Izabel da Cunha.<\/span><\/p>\n<p>Os presidentes da Associa\u00e7\u00e3o de Produtores de Algod\u00e3o da Bahia (Apaba), Izabel da Cunha; da Associa\u00e7\u00e3o de Agricultores e Irrigantes da Bahia (Aiba), J\u00falio Buzato, e do Fundo de Desenvolvimento do Agroneg\u00f3cio do Algod\u00e3o, Ademar Mar\u00e7al, se reuniram com o secret\u00e1rio estadual da Agricultura, Eduardo Salles, e com os diretores geral e de Defesa Vegetal da Ag\u00eancia de Defesa Agropecu\u00e1ria da Bahia (Adab\/Seagri), Paulo Em\u00edlio Torres e Armando S\u00e1, buscando um caminho a ser seguido em rela\u00e7\u00e3o a esse grave problema, que agora tem novo agravante. A lagarta Helicoverpa Armigera j\u00e1 est\u00e1 atacando tamb\u00e9m o feij\u00e3o de corda, produzido basicamente pelos agricultores familiares da Bahia, e ataca tamb\u00e9m o feij\u00e3o Gurutuba e o Fradinho, utilizado no preparo do acaraj\u00e9. A lagarta j\u00e1 est\u00e1 presente nos estados do Paran\u00e1, Goi\u00e1s, Piau\u00ed e Mato Grosso, e pode chegar a outras regi\u00f5es.<\/p>\n<p>O secret\u00e1rio Eduardo Salles explicou todos os passos que foram dados, desde que a praga foi descoberta at\u00e9 a \u00faltima reuni\u00e3o com o MP, quando ficou acordado que o produto seria aplicado, num projeto piloto, em dez fazendas nos munic\u00edpios de Luis Eduardo, S\u00e3o Desid\u00e9rio e Barreiras, atendendo a todas as exig\u00eancias dos \u00f3rg\u00e3os reguladores e dos promotores. Esse piloto geraria um relat\u00f3rio, demonstrando a efici\u00eancia e a seguran\u00e7a na aplica\u00e7\u00e3o da Emamectina. Mas agora, o MP fez novas exig\u00eancias, imposs\u00edveis de serem observadas, diante do avan\u00e7o da safra e exiguidade de tempo. A quest\u00e3o era aplicar \u00e0 revelia ou n\u00e3o aplicar o produto.<\/p>\n<p><!--more--><\/p>\n<p>Salles informou que o governador Jaques Wagner acompanha de perto as a\u00e7\u00f5es que est\u00e3o sendo desenvolvidas para combater a praga, e que o governo se empenha para que solu\u00e7\u00e3o definitiva seja encontrada. \u201cA Emamectina \u00e9 utilizada, em pa\u00edses como Jap\u00e3o, Estados Unidos e Austr\u00e1lia, que possuem legisla\u00e7\u00e3o rigorosa, inclusive para cultivos de tomate. Ser\u00e1 que esses pa\u00edses s\u00e3o irrespons\u00e1veis?\u201d, questiona.<\/p>\n<p>Os representantes dos agropecuaristas da regi\u00e3o e o secret\u00e1rio Eduardo Salles, consideraram que sem consenso com o Minist\u00e9rio P\u00fablico e como a safra est\u00e1 avan\u00e7ada, n\u00e3o h\u00e1, nesse momento a necessidade do embate com o MP, e aplicar o Benzoato de Emamectina com possibilidade de trazer uma disputa jur\u00eddica s\u00f3 poderia prejudicar a pr\u00f3xima safra. Ao mesmo tempo, decidiram solicitar audi\u00eancia com a presidente Dilma, para discutir a instru\u00e7\u00e3o normativa, o registro emergencial e o cadastro desse produto agroqu\u00edmico, lembrando que o decreto de emerg\u00eancia fitossanit\u00e1ria assinado pela presidente n\u00e3o foi cumprido, alertando ainda que a quest\u00e3o da lagarta Helicoverpa Armigera j\u00e1 \u00e9 um problema nacional e que vai ter reflexos no bolso do consumidor.<\/p>\n<p>Al\u00e9m disso, considerando que o combate \u00e0 praga n\u00e3o se esgota com o controle qu\u00edmico, os produtores e a Adab j\u00e1 desenvolvem um programa, de alto custo, que inclui o controle biol\u00f3gico e manejo integrado da praga. Esse projeto ser\u00e1 apresentado \u00e0 presidente Dilma e aos minist\u00e9rios da Agricultura, Sa\u00fade e Meio Ambiente. Segundo eles o agroqu\u00edmico \u00e9 neste momento a \u00fanica arma que possuem para diminuir a popula\u00e7\u00e3o da lagarta, mas ser\u00e1 tamb\u00e9m acompanhado de uma s\u00e9rie de outras a\u00e7\u00f5es\u00a0\u00a0como os demais controles, monitoramentos e a\u00e7\u00f5es de manejo das culturas.<\/p>\n","protected":false},"excerpt":{"rendered":"<p>\u00a0Depois de meses de muitas discuss\u00f5es com o Minist\u00e9rio da Agricultura e com os Minist\u00e9rios P\u00fablicos Estadual, Federal e do Trabalho, buscando solu\u00e7\u00e3o para a praga que est\u00e1 destruindo as lavouras da soja e algod\u00e3o em nove munic\u00edpios do Oeste da Bahia, os produtores, representados por suas associa\u00e7\u00f5es, resolveram n\u00e3o bater de frente, neste momento, [&hellip;]<\/p>\n","protected":false},"author":2,"featured_media":0,"comment_status":"open","ping_status":"open","sticky":false,"template":"","format":"standard","meta":{"_links_to":"","_links_to_target":""},"categories":[1],"tags":[93,6908,561,7068,215,138,6250],"_links":{"self":[{"href":"https:\/\/www.blogdothame.blog.br\/v1\/wp-json\/wp\/v2\/posts\/20597"}],"collection":[{"href":"https:\/\/www.blogdothame.blog.br\/v1\/wp-json\/wp\/v2\/posts"}],"about":[{"href":"https:\/\/www.blogdothame.blog.br\/v1\/wp-json\/wp\/v2\/types\/post"}],"author":[{"embeddable":true,"href":"https:\/\/www.blogdothame.blog.br\/v1\/wp-json\/wp\/v2\/users\/2"}],"replies":[{"embeddable":true,"href":"https:\/\/www.blogdothame.blog.br\/v1\/wp-json\/wp\/v2\/comments?post=20597"}],"version-history":[{"count":2,"href":"https:\/\/www.blogdothame.blog.br\/v1\/wp-json\/wp\/v2\/posts\/20597\/revisions"}],"predecessor-version":[{"id":20600,"href":"https:\/\/www.blogdothame.blog.br\/v1\/wp-json\/wp\/v2\/posts\/20597\/revisions\/20600"}],"wp:attachment":[{"href":"https:\/\/www.blogdothame.blog.br\/v1\/wp-json\/wp\/v2\/media?parent=20597"}],"wp:term":[{"taxonomy":"category","embeddable":true,"href":"https:\/\/www.blogdothame.blog.br\/v1\/wp-json\/wp\/v2\/categories?post=20597"},{"taxonomy":"post_tag","embeddable":true,"href":"https:\/\/www.blogdothame.blog.br\/v1\/wp-json\/wp\/v2\/tags?post=20597"}],"curies":[{"name":"wp","href":"https:\/\/api.w.org\/{rel}","templated":true}]}}