{"id":20236,"date":"2013-05-20T15:32:36","date_gmt":"2013-05-20T18:32:36","guid":{"rendered":"http:\/\/www.blogdothame.blog.br\/v1\/?p=20236"},"modified":"2013-05-20T15:39:39","modified_gmt":"2013-05-20T18:39:39","slug":"sul-da-bahia-incra-define-tres-novos-assentamentos-de-reforma-agraria","status":"publish","type":"post","link":"https:\/\/www.blogdothame.blog.br\/v1\/2013\/05\/20\/sul-da-bahia-incra-define-tres-novos-assentamentos-de-reforma-agraria\/","title":{"rendered":"Sul da Bahia: Incra define tr\u00eas novos assentamentos de reforma agr\u00e1ria"},"content":{"rendered":"<p>&nbsp;<\/p>\n<p>O Incra publicou no Di\u00e1rio Oficial da Uni\u00e3o desta segunda-feira (20) as portarias que destinam tr\u00eas im\u00f3veis \u00e0 constitui\u00e7\u00e3o de assentamentos na Bahia. As \u00e1reas beneficiam 308 fam\u00edlias com a obten\u00e7\u00e3o de 5.693 hectares de terras. Uma delas \u00e9 o assentamento Reunidas Rosa do Prado, localizado no munic\u00edpio de Prado, no Extremo Sul baiano, que teve a portaria de cria\u00e7\u00e3o assinada pelo presidente do Incra, Carlos Guedes de Guedes, na pr\u00f3pria \u00e1rea de reforma agr\u00e1ria, no \u00faltimo dia 9.<\/p>\n<p>No \u00a0Sul da Bahia , foram criados mais dois assentamentos. Um deles \u00e9 o Ma\u00e7aranduba Nova Esperan\u00e7a, situado no munic\u00edpio de Mara\u00fa, com capacidade de gera\u00e7\u00e3o de renda para 38 fam\u00edlias em 586,6 hectares. O outro projeto de reforma agr\u00e1ria \u00e9 o Primavera, no munic\u00edpio de Mascote, com capacidade para beneficiar seis fam\u00edlias de trabalhadores rurais, em 48,3 hectares.<\/p>\n","protected":false},"excerpt":{"rendered":"<p>&nbsp; O Incra publicou no Di\u00e1rio Oficial da Uni\u00e3o desta segunda-feira (20) as portarias que destinam tr\u00eas im\u00f3veis \u00e0 constitui\u00e7\u00e3o de assentamentos na Bahia. As \u00e1reas beneficiam 308 fam\u00edlias com a obten\u00e7\u00e3o de 5.693 hectares de terras. Uma delas \u00e9 o assentamento Reunidas Rosa do Prado, localizado no munic\u00edpio de Prado, no Extremo Sul baiano, [&hellip;]<\/p>\n","protected":false},"author":2,"featured_media":0,"comment_status":"open","ping_status":"open","sticky":false,"template":"","format":"standard","meta":{"_links_to":"","_links_to_target":""},"categories":[1],"tags":[4067,434,1048,185],"_links":{"self":[{"href":"https:\/\/www.blogdothame.blog.br\/v1\/wp-json\/wp\/v2\/posts\/20236"}],"collection":[{"href":"https:\/\/www.blogdothame.blog.br\/v1\/wp-json\/wp\/v2\/posts"}],"about":[{"href":"https:\/\/www.blogdothame.blog.br\/v1\/wp-json\/wp\/v2\/types\/post"}],"author":[{"embeddable":true,"href":"https:\/\/www.blogdothame.blog.br\/v1\/wp-json\/wp\/v2\/users\/2"}],"replies":[{"embeddable":true,"href":"https:\/\/www.blogdothame.blog.br\/v1\/wp-json\/wp\/v2\/comments?post=20236"}],"version-history":[{"count":4,"href":"https:\/\/www.blogdothame.blog.br\/v1\/wp-json\/wp\/v2\/posts\/20236\/revisions"}],"predecessor-version":[{"id":20239,"href":"https:\/\/www.blogdothame.blog.br\/v1\/wp-json\/wp\/v2\/posts\/20236\/revisions\/20239"}],"wp:attachment":[{"href":"https:\/\/www.blogdothame.blog.br\/v1\/wp-json\/wp\/v2\/media?parent=20236"}],"wp:term":[{"taxonomy":"category","embeddable":true,"href":"https:\/\/www.blogdothame.blog.br\/v1\/wp-json\/wp\/v2\/categories?post=20236"},{"taxonomy":"post_tag","embeddable":true,"href":"https:\/\/www.blogdothame.blog.br\/v1\/wp-json\/wp\/v2\/tags?post=20236"}],"curies":[{"name":"wp","href":"https:\/\/api.w.org\/{rel}","templated":true}]}}