{"id":19309,"date":"2013-04-23T19:49:26","date_gmt":"2013-04-23T22:49:26","guid":{"rendered":"http:\/\/www.blogdothame.blog.br\/v1\/?p=19309"},"modified":"2013-04-23T19:49:26","modified_gmt":"2013-04-23T22:49:26","slug":"criacao-da-universidade-federal-do-sul-da-bahia-deve-ser-votada-na-proxima-terca-feira-no-senado","status":"publish","type":"post","link":"https:\/\/www.blogdothame.blog.br\/v1\/2013\/04\/23\/criacao-da-universidade-federal-do-sul-da-bahia-deve-ser-votada-na-proxima-terca-feira-no-senado\/","title":{"rendered":"Cria\u00e7\u00e3o da Universidade Federal do Sul da Bahia deve ser votada na pr\u00f3xima ter\u00e7a-feira no Senado"},"content":{"rendered":"<p>A cria\u00e7\u00e3o da Universidade Federal \u00a0do Sul da Bahia (Ufesba) deve ser votada no plen\u00e1rio do Senado no pr\u00f3ximo dia 30 (ter\u00e7a-feira). A mat\u00e9ria, j\u00e1 aprovada em duas comiss\u00f5es, aguarda vota\u00e7\u00e3o pelo plen\u00e1rio da Casa, em regime de urg\u00eancia. Durante discurso na tarde desta ter\u00e7a-feira (23), o senador Walter Pinheiro (PT\/BA), cobrou da Mesa Diretora do Senado a inclus\u00e3o da mat\u00e9ria na pauta, quando foi confirmada a data da vota\u00e7\u00e3o da cria\u00e7\u00e3o da Ufesba.<\/p>\n<p>\u201cCom a vota\u00e7\u00e3o no Senado, a mat\u00e9ria poder\u00e1 seguir para a san\u00e7\u00e3o presidencial e, assim, damos um passo significante para a implanta\u00e7\u00e3o de mais uma universidade no Estado da Bahia. Queremos, j\u00e1 em 2014, ter os primeiros alunos estudando em uma das tr\u00eas unidades da Ufesba: Itabuna, que ser\u00e1 a sede ou nos campus instalados nas cidades de \u00a0Teixeira de Freitas e Porto Seguro\u201d, confirmou Pinheiro, relator da mat\u00e9ria na CCJ, Comiss\u00e3o de Constitui\u00e7\u00e3o e Justi\u00e7a do Senado.<\/p>\n<p>&nbsp;<\/p>\n","protected":false},"excerpt":{"rendered":"<p>A cria\u00e7\u00e3o da Universidade Federal \u00a0do Sul da Bahia (Ufesba) deve ser votada no plen\u00e1rio do Senado no pr\u00f3ximo dia 30 (ter\u00e7a-feira). A mat\u00e9ria, j\u00e1 aprovada em duas comiss\u00f5es, aguarda vota\u00e7\u00e3o pelo plen\u00e1rio da Casa, em regime de urg\u00eancia. Durante discurso na tarde desta ter\u00e7a-feira (23), o senador Walter Pinheiro (PT\/BA), cobrou da Mesa Diretora [&hellip;]<\/p>\n","protected":false},"author":2,"featured_media":0,"comment_status":"open","ping_status":"open","sticky":false,"template":"","format":"standard","meta":{"_links_to":"","_links_to_target":""},"categories":[1],"tags":[361,39,743,2411,545],"_links":{"self":[{"href":"https:\/\/www.blogdothame.blog.br\/v1\/wp-json\/wp\/v2\/posts\/19309"}],"collection":[{"href":"https:\/\/www.blogdothame.blog.br\/v1\/wp-json\/wp\/v2\/posts"}],"about":[{"href":"https:\/\/www.blogdothame.blog.br\/v1\/wp-json\/wp\/v2\/types\/post"}],"author":[{"embeddable":true,"href":"https:\/\/www.blogdothame.blog.br\/v1\/wp-json\/wp\/v2\/users\/2"}],"replies":[{"embeddable":true,"href":"https:\/\/www.blogdothame.blog.br\/v1\/wp-json\/wp\/v2\/comments?post=19309"}],"version-history":[{"count":1,"href":"https:\/\/www.blogdothame.blog.br\/v1\/wp-json\/wp\/v2\/posts\/19309\/revisions"}],"predecessor-version":[{"id":19310,"href":"https:\/\/www.blogdothame.blog.br\/v1\/wp-json\/wp\/v2\/posts\/19309\/revisions\/19310"}],"wp:attachment":[{"href":"https:\/\/www.blogdothame.blog.br\/v1\/wp-json\/wp\/v2\/media?parent=19309"}],"wp:term":[{"taxonomy":"category","embeddable":true,"href":"https:\/\/www.blogdothame.blog.br\/v1\/wp-json\/wp\/v2\/categories?post=19309"},{"taxonomy":"post_tag","embeddable":true,"href":"https:\/\/www.blogdothame.blog.br\/v1\/wp-json\/wp\/v2\/tags?post=19309"}],"curies":[{"name":"wp","href":"https:\/\/api.w.org\/{rel}","templated":true}]}}