{"id":19203,"date":"2013-04-21T11:39:21","date_gmt":"2013-04-21T14:39:21","guid":{"rendered":"http:\/\/www.blogdothame.blog.br\/v1\/?p=19203"},"modified":"2013-04-21T11:39:21","modified_gmt":"2013-04-21T14:39:21","slug":"sul-da-bahia-cacau-africano-e-transportado-para-a-nestle-sem-protecao","status":"publish","type":"post","link":"https:\/\/www.blogdothame.blog.br\/v1\/2013\/04\/21\/sul-da-bahia-cacau-africano-e-transportado-para-a-nestle-sem-protecao\/","title":{"rendered":"Sul da Bahia: cacau africano \u00e9 transportado para a Nestl\u00e9 sem prote\u00e7\u00e3o"},"content":{"rendered":"<div id=\"attachment_19204\" style=\"width: 310px\" class=\"wp-caption aligncenter\"><a href=\"http:\/\/www.blogdothame.blog.br\/v1\/wp-content\/uploads\/2013\/04\/cacau-africa.jpg\"><img aria-describedby=\"caption-attachment-19204\" loading=\"lazy\" class=\"size-medium wp-image-19204\" title=\"cacau africa\" src=\"http:\/\/www.blogdothame.blog.br\/v1\/wp-content\/uploads\/2013\/04\/cacau-africa-300x224.jpg\" alt=\"\" width=\"300\" height=\"224\" srcset=\"https:\/\/www.blogdothame.blog.br\/v1\/wp-content\/uploads\/2013\/04\/cacau-africa-300x224.jpg 300w, https:\/\/www.blogdothame.blog.br\/v1\/wp-content\/uploads\/2013\/04\/cacau-africa.jpg 640w\" sizes=\"(max-width: 300px) 100vw, 300px\" \/><\/a><p id=\"caption-attachment-19204\" class=\"wp-caption-text\">carga desprotegida pode espalhar pragas no cacau sulbaiano (foto Isidoro Gesteira)<\/p><\/div>\n<p>O produtor rural Isidoro Gesteira flagrou na tarde de ontem (20) um caminh\u00e3o transportando cacau importado de Gana na \u00c1frica pela rodovia Ilh\u00e9us-Itabuna. O cacau vinha de Ilh\u00e9us com destino a Itabuna, onde seria processado na f\u00e1brica da Nestl\u00e9.<\/p>\n<p>A foto revela que o cacau \u00e9 transportado sem qualquer cuidado fitossanit\u00e1rio, com o produto exposto \u00e0 chuva. \u201cEsta estrada passa pelo centro de nossa cultura e as cargas deveriam ser todas cobertas para evitar novas pragas\u201d, afirma Isidoro.<\/p>\n<p>A Nestl\u00e9 importou tr\u00eas mil toneladas de cacau de Gana, desembarcadas no Porto do Malhado, em Ilh\u00e9us.<\/p>\n<p>&nbsp;<\/p>\n<p>.<\/p>\n","protected":false},"excerpt":{"rendered":"<p>O produtor rural Isidoro Gesteira flagrou na tarde de ontem (20) um caminh\u00e3o transportando cacau importado de Gana na \u00c1frica pela rodovia Ilh\u00e9us-Itabuna. O cacau vinha de Ilh\u00e9us com destino a Itabuna, onde seria processado na f\u00e1brica da Nestl\u00e9. A foto revela que o cacau \u00e9 transportado sem qualquer cuidado fitossanit\u00e1rio, com o produto exposto [&hellip;]<\/p>\n","protected":false},"author":2,"featured_media":0,"comment_status":"open","ping_status":"open","sticky":false,"template":"","format":"standard","meta":{"_links_to":"","_links_to_target":""},"categories":[1],"tags":[],"_links":{"self":[{"href":"https:\/\/www.blogdothame.blog.br\/v1\/wp-json\/wp\/v2\/posts\/19203"}],"collection":[{"href":"https:\/\/www.blogdothame.blog.br\/v1\/wp-json\/wp\/v2\/posts"}],"about":[{"href":"https:\/\/www.blogdothame.blog.br\/v1\/wp-json\/wp\/v2\/types\/post"}],"author":[{"embeddable":true,"href":"https:\/\/www.blogdothame.blog.br\/v1\/wp-json\/wp\/v2\/users\/2"}],"replies":[{"embeddable":true,"href":"https:\/\/www.blogdothame.blog.br\/v1\/wp-json\/wp\/v2\/comments?post=19203"}],"version-history":[{"count":1,"href":"https:\/\/www.blogdothame.blog.br\/v1\/wp-json\/wp\/v2\/posts\/19203\/revisions"}],"predecessor-version":[{"id":19205,"href":"https:\/\/www.blogdothame.blog.br\/v1\/wp-json\/wp\/v2\/posts\/19203\/revisions\/19205"}],"wp:attachment":[{"href":"https:\/\/www.blogdothame.blog.br\/v1\/wp-json\/wp\/v2\/media?parent=19203"}],"wp:term":[{"taxonomy":"category","embeddable":true,"href":"https:\/\/www.blogdothame.blog.br\/v1\/wp-json\/wp\/v2\/categories?post=19203"},{"taxonomy":"post_tag","embeddable":true,"href":"https:\/\/www.blogdothame.blog.br\/v1\/wp-json\/wp\/v2\/tags?post=19203"}],"curies":[{"name":"wp","href":"https:\/\/api.w.org\/{rel}","templated":true}]}}