{"id":18838,"date":"2013-04-10T17:33:06","date_gmt":"2013-04-10T20:33:06","guid":{"rendered":"http:\/\/www.blogdothame.blog.br\/v1\/?p=18838"},"modified":"2013-04-10T17:33:06","modified_gmt":"2013-04-10T20:33:06","slug":"passaros-em-cativeiro-sao-libertados-em-feira-de-santana","status":"publish","type":"post","link":"https:\/\/www.blogdothame.blog.br\/v1\/2013\/04\/10\/passaros-em-cativeiro-sao-libertados-em-feira-de-santana\/","title":{"rendered":"P\u00e1ssaros em cativeiro s\u00e3o libertados em Feira de Santana"},"content":{"rendered":"<p><a href=\"http:\/\/www.blogdothame.blog.br\/v1\/wp-content\/uploads\/2013\/04\/passaros-1.jpg\"><img loading=\"lazy\" class=\"aligncenter size-full wp-image-18839\" title=\"passaros 1\" src=\"http:\/\/www.blogdothame.blog.br\/v1\/wp-content\/uploads\/2013\/04\/passaros-1.jpg\" alt=\"\" width=\"221\" height=\"166\" \/><\/a><\/p>\n<p>Em mais uma opera\u00e7\u00e3o para\u00a0combater o tr\u00e1fico de animais silvestres na regi\u00e3o de Feira de Santana, policiais da 1\u00aa Coordenadoria Regional de Pol\u00edcia do Interior (Coorpin) e da 1\u00aa Delegacia Territorial (DT\/Feira) apreenderam \u00a0200 p\u00e1ssaros de v\u00e1rias esp\u00e9cies. Crispim Cerqueira Araujo e Derivaldo de Jesus, que comercializavam os p\u00e1ssaros, na \u201cFeira do Rolo\u201d, foram conduzidos \u00e0 delegacia.<\/p>\n<p>Entre as esp\u00e9cies apreendidas est\u00e3o exemplares de p\u00e1ssaro-preto, cardeal, can\u00e1rio da terra, tico-tico e papa-capim, todos j\u00e1 devolvidos \u00e0 natureza. V\u00e1rias armadilhas utilizadas para pegar os animais na mata foram encontradas com Crispim e Derivaldo, ambos interrogados pela delegada plantonista, Tatiana Brito Teixeira Leal.<\/p>\n","protected":false},"excerpt":{"rendered":"<p>Em mais uma opera\u00e7\u00e3o para\u00a0combater o tr\u00e1fico de animais silvestres na regi\u00e3o de Feira de Santana, policiais da 1\u00aa Coordenadoria Regional de Pol\u00edcia do Interior (Coorpin) e da 1\u00aa Delegacia Territorial (DT\/Feira) apreenderam \u00a0200 p\u00e1ssaros de v\u00e1rias esp\u00e9cies. Crispim Cerqueira Araujo e Derivaldo de Jesus, que comercializavam os p\u00e1ssaros, na \u201cFeira do Rolo\u201d, foram conduzidos [&hellip;]<\/p>\n","protected":false},"author":2,"featured_media":0,"comment_status":"open","ping_status":"open","sticky":false,"template":"","format":"standard","meta":{"_links_to":"","_links_to_target":""},"categories":[1],"tags":[51,358,2679],"_links":{"self":[{"href":"https:\/\/www.blogdothame.blog.br\/v1\/wp-json\/wp\/v2\/posts\/18838"}],"collection":[{"href":"https:\/\/www.blogdothame.blog.br\/v1\/wp-json\/wp\/v2\/posts"}],"about":[{"href":"https:\/\/www.blogdothame.blog.br\/v1\/wp-json\/wp\/v2\/types\/post"}],"author":[{"embeddable":true,"href":"https:\/\/www.blogdothame.blog.br\/v1\/wp-json\/wp\/v2\/users\/2"}],"replies":[{"embeddable":true,"href":"https:\/\/www.blogdothame.blog.br\/v1\/wp-json\/wp\/v2\/comments?post=18838"}],"version-history":[{"count":2,"href":"https:\/\/www.blogdothame.blog.br\/v1\/wp-json\/wp\/v2\/posts\/18838\/revisions"}],"predecessor-version":[{"id":18841,"href":"https:\/\/www.blogdothame.blog.br\/v1\/wp-json\/wp\/v2\/posts\/18838\/revisions\/18841"}],"wp:attachment":[{"href":"https:\/\/www.blogdothame.blog.br\/v1\/wp-json\/wp\/v2\/media?parent=18838"}],"wp:term":[{"taxonomy":"category","embeddable":true,"href":"https:\/\/www.blogdothame.blog.br\/v1\/wp-json\/wp\/v2\/categories?post=18838"},{"taxonomy":"post_tag","embeddable":true,"href":"https:\/\/www.blogdothame.blog.br\/v1\/wp-json\/wp\/v2\/tags?post=18838"}],"curies":[{"name":"wp","href":"https:\/\/api.w.org\/{rel}","templated":true}]}}