{"id":187358,"date":"2026-05-01T11:00:58","date_gmt":"2026-05-01T14:00:58","guid":{"rendered":"https:\/\/www.blogdothame.blog.br\/v1\/?p=187358"},"modified":"2026-05-01T15:17:06","modified_gmt":"2026-05-01T18:17:06","slug":"comitiva-de-itacare-avanca-em-brasilia-com-agenda-intensa-por-investimentos","status":"publish","type":"post","link":"https:\/\/www.blogdothame.blog.br\/v1\/2026\/05\/01\/comitiva-de-itacare-avanca-em-brasilia-com-agenda-intensa-por-investimentos\/","title":{"rendered":"Comitiva de Itacar\u00e9 avan\u00e7a em Bras\u00edlia com agenda intensa por investimentos"},"content":{"rendered":"<p><img loading=\"lazy\" class=\"aligncenter size-full wp-image-187359\" src=\"https:\/\/www.blogdothame.blog.br\/v1\/wp-content\/uploads\/2026\/05\/PHOTO-2026-04-30-14-15-18.jpg\" alt=\"\" width=\"320\" height=\"240\" srcset=\"https:\/\/www.blogdothame.blog.br\/v1\/wp-content\/uploads\/2026\/05\/PHOTO-2026-04-30-14-15-18.jpg 320w, https:\/\/www.blogdothame.blog.br\/v1\/wp-content\/uploads\/2026\/05\/PHOTO-2026-04-30-14-15-18-300x225.jpg 300w\" sizes=\"(max-width: 320px) 100vw, 320px\" \/><\/p>\n<p style=\"text-align: right;\"><strong>Albert Queir\u00f3z\u00a0<\/strong><\/p>\n<p>Durante a participa\u00e7\u00e3o na Marcha dos Vereadores, em Bras\u00edlia, a comitiva de Itacar\u00e9 tem intensificado uma s\u00e9rie de agendas institucionais em busca de investimentos e parcerias para o munic\u00edpio. O grupo \u00e9 formado pelo presidente da C\u00e2mara, Renilson, o vice-presidente Pedr\u00e3o e os vereadores Djone, Nego Day, Breno, Gilberto, Tonho do Bicho e Jionez, al\u00e9m do vice-prefeito Z\u00e9 Washington e do secret\u00e1rio municipal Albert Queiroz.<\/p>\n<p>Ao longo da programa\u00e7\u00e3o, os parlamentares visitaram importantes lideran\u00e7as no Congresso Nacional, entre elas os deputados federais Jorge Solla, Alice Portugal, Paulo Magalh\u00e3es e M\u00e1rcio Marinho. A comitiva tamb\u00e9m cumpriu agenda com o senador Otto Alencar, refor\u00e7ando o di\u00e1logo em torno de novos investimentos para Itacar\u00e9.<\/p>\n<p><img loading=\"lazy\" class=\"aligncenter size-full wp-image-187360\" src=\"https:\/\/www.blogdothame.blog.br\/v1\/wp-content\/uploads\/2026\/05\/PHOTO-2026-04-30-14-15-26.jpg\" alt=\"\" width=\"320\" height=\"240\" srcset=\"https:\/\/www.blogdothame.blog.br\/v1\/wp-content\/uploads\/2026\/05\/PHOTO-2026-04-30-14-15-26.jpg 320w, https:\/\/www.blogdothame.blog.br\/v1\/wp-content\/uploads\/2026\/05\/PHOTO-2026-04-30-14-15-26-300x225.jpg 300w\" sizes=\"(max-width: 320px) 100vw, 320px\" \/><\/p>\n<p>Outro destaque da agenda foi a visita ao Minist\u00e9rio da Agricultura, onde os representantes do munic\u00edpio estiveram acompanhados de Danilo Reis, tratando de demandas voltadas ao fortalecimento da zona rural e apoio ao produtor local. A comitiva tamb\u00e9m participou de reuni\u00e3o na Codevasf, em audi\u00eancia com o diretor Vivaldo Mendon\u00e7a, discutindo projetos estruturantes para o munic\u00edpio.<\/p>\n<p><!--more--><\/p>\n<p><img loading=\"lazy\" class=\"alignright size-full wp-image-187361\" src=\"https:\/\/www.blogdothame.blog.br\/v1\/wp-content\/uploads\/2026\/05\/PHOTO-2026-04-30-14-15-17.jpg\" alt=\"\" width=\"233\" height=\"258\" \/>O vice-prefeito Z\u00e9 Washington destacou a import\u00e2ncia da uni\u00e3o entre os poderes e o protagonismo da gest\u00e3o municipal nas articula\u00e7\u00f5es em Bras\u00edlia. \u201cEstamos aqui representando o prefeito Nego de Saronga, que tem conduzido Itacar\u00e9 com lideran\u00e7a, responsabilidade e compromisso com o desenvolvimento. Essa agenda \u00e9 fruto de um trabalho conjunto, que busca garantir mais avan\u00e7os para nossa cidade\u201d, afirmou.<\/p>\n<p>A participa\u00e7\u00e3o ativa da comitiva refor\u00e7a o compromisso das lideran\u00e7as de Itacar\u00e9 com a busca por recursos e pol\u00edticas p\u00fablicas que contribuam para o crescimento do munic\u00edpio, fortalecendo \u00e1reas essenciais como infraestrutura, agricultura e servi\u00e7os p\u00fablicos.<\/p>\n","protected":false},"excerpt":{"rendered":"<p>Albert Queir\u00f3z\u00a0 Durante a participa\u00e7\u00e3o na Marcha dos Vereadores, em Bras\u00edlia, a comitiva de Itacar\u00e9 tem intensificado uma s\u00e9rie de agendas institucionais em busca de investimentos e parcerias para o munic\u00edpio. O grupo \u00e9 formado pelo presidente da C\u00e2mara, Renilson, o vice-presidente Pedr\u00e3o e os vereadores Djone, Nego Day, Breno, Gilberto, Tonho do Bicho e [&hellip;]<\/p>\n","protected":false},"author":2,"featured_media":187359,"comment_status":"open","ping_status":"open","sticky":false,"template":"","format":"standard","meta":{"_links_to":"","_links_to_target":""},"categories":[33435],"tags":[638,17748],"_links":{"self":[{"href":"https:\/\/www.blogdothame.blog.br\/v1\/wp-json\/wp\/v2\/posts\/187358"}],"collection":[{"href":"https:\/\/www.blogdothame.blog.br\/v1\/wp-json\/wp\/v2\/posts"}],"about":[{"href":"https:\/\/www.blogdothame.blog.br\/v1\/wp-json\/wp\/v2\/types\/post"}],"author":[{"embeddable":true,"href":"https:\/\/www.blogdothame.blog.br\/v1\/wp-json\/wp\/v2\/users\/2"}],"replies":[{"embeddable":true,"href":"https:\/\/www.blogdothame.blog.br\/v1\/wp-json\/wp\/v2\/comments?post=187358"}],"version-history":[{"count":2,"href":"https:\/\/www.blogdothame.blog.br\/v1\/wp-json\/wp\/v2\/posts\/187358\/revisions"}],"predecessor-version":[{"id":187363,"href":"https:\/\/www.blogdothame.blog.br\/v1\/wp-json\/wp\/v2\/posts\/187358\/revisions\/187363"}],"wp:featuredmedia":[{"embeddable":true,"href":"https:\/\/www.blogdothame.blog.br\/v1\/wp-json\/wp\/v2\/media\/187359"}],"wp:attachment":[{"href":"https:\/\/www.blogdothame.blog.br\/v1\/wp-json\/wp\/v2\/media?parent=187358"}],"wp:term":[{"taxonomy":"category","embeddable":true,"href":"https:\/\/www.blogdothame.blog.br\/v1\/wp-json\/wp\/v2\/categories?post=187358"},{"taxonomy":"post_tag","embeddable":true,"href":"https:\/\/www.blogdothame.blog.br\/v1\/wp-json\/wp\/v2\/tags?post=187358"}],"curies":[{"name":"wp","href":"https:\/\/api.w.org\/{rel}","templated":true}]}}