{"id":187339,"date":"2026-05-01T14:19:16","date_gmt":"2026-05-01T17:19:16","guid":{"rendered":"https:\/\/www.blogdothame.blog.br\/v1\/?p=187339"},"modified":"2026-05-01T14:19:16","modified_gmt":"2026-05-01T17:19:16","slug":"o-centenario-do-geografo-milton-santos","status":"publish","type":"post","link":"https:\/\/www.blogdothame.blog.br\/v1\/2026\/05\/01\/o-centenario-do-geografo-milton-santos\/","title":{"rendered":"O Centen\u00e1rio do ge\u00f3grafo Milton Santos"},"content":{"rendered":"<p>&nbsp;<\/p>\n<p><img loading=\"lazy\" class=\"aligncenter  wp-image-187340\" src=\"https:\/\/www.blogdothame.blog.br\/v1\/wp-content\/uploads\/2026\/05\/PHOTO-2026-05-01-12-02-45.jpg\" alt=\"\" width=\"272\" height=\"341\" srcset=\"https:\/\/www.blogdothame.blog.br\/v1\/wp-content\/uploads\/2026\/05\/PHOTO-2026-05-01-12-02-45.jpg 383w, https:\/\/www.blogdothame.blog.br\/v1\/wp-content\/uploads\/2026\/05\/PHOTO-2026-05-01-12-02-45-239x300.jpg 239w\" sizes=\"(max-width: 272px) 100vw, 272px\" \/><\/p>\n<p style=\"text-align: right;\"><strong>Efson Lima<\/strong><\/p>\n<p><img loading=\"lazy\" class=\"alignright  wp-image-133739\" src=\"https:\/\/www.blogdothame.blog.br\/v1\/wp-content\/uploads\/2022\/04\/efson-lima-200x300.jpg\" alt=\"\" width=\"149\" height=\"224\" srcset=\"https:\/\/www.blogdothame.blog.br\/v1\/wp-content\/uploads\/2022\/04\/efson-lima-200x300.jpg 200w, https:\/\/www.blogdothame.blog.br\/v1\/wp-content\/uploads\/2022\/04\/efson-lima.jpg 342w\" sizes=\"(max-width: 149px) 100vw, 149px\" \/>A Bahia recebeu como presente o nascimento de Milton Almeida dos Santos em 03 de maio de 1926, em Brotas de Maca\u00fabas. Aquela crian\u00e7a cresceu e se tornou uma das maiores refer\u00eancias da Geografia e do campo das humanidades no mundo. Imortalizou-se com uma vasta produ\u00e7\u00e3o acad\u00eamica, rompendo preconceitos e se notabilizando como um dos pensadores brasileiros de maior relevo no exterior. Milton Santos se tornou um \u201cdiplomata\u201d e difundiu o qu\u00ea \u00e9 que a Bahia tem: conhecimento.<\/p>\n<p>&nbsp;<\/p>\n<p>A efemeridade do centen\u00e1rio de nascimento de Milton Santos desperta reflex\u00f5es em torno das contribui\u00e7\u00f5es dele para a Geografia e demais campos do conhecimento. Sendo assim,\u00a0 a \u00a0Academia de Letras de Ilh\u00e9us, cuja institui\u00e7\u00e3o Milton Santos colaborou para a funda\u00e7\u00e3o em 1959 e se imortalizou na \u00a0cadeira de n.\u00ba 35, hoje, ocupada pela jornalista Maria Schaun, promove no dia 05 de maio uma sess\u00e3o em homenagem a um de seus fundadores e discorrer\u00e1 sobre a passagem de Milton Santos no sul da Bahia. Em Ilh\u00e9us, foi professor do Instituto Municipal de Ensino e estudou sobre as fazendas e a lavoura de cacau, inclusive, publicando estudos sobre o tema. Esteve correspondente do jornal A Tarde,\u00a0 na zona cacaueira, entre 1949 &#8211; 1953.<\/p>\n<p>&nbsp;<\/p>\n<p>Diversas homenagens e estudos est\u00e3o a ocorrer sobre o premiado Milton Santos. Os membros da Academia de Letras da Bahia (ALB) aprovaram ap\u00f3s a presid\u00eancia, liderada pelo escritor Aleilton Fonseca, requerer aos pares do sodal\u00edcio a posse simb\u00f3lica de Milton Santos como membro correspondente. O homenageado fora eleito em 26\/11\/1998, entretanto, n\u00e3o tomou posse, faleceu em 24 de junho de 2001. A ALB promover\u00e1, em 07\/05\/26,\u00a0 reuni\u00e3o dedicada a celebrar o centen\u00e1rio de Milton Santos. Outra distin\u00e7\u00e3o de alto relevo \u00e9 a inscri\u00e7\u00e3o de Milton Santos no Livro dos Her\u00f3is e Hero\u00ednas da P\u00e1tria, por meio de projeto de lei, \u00a0em tramita\u00e7\u00e3o no Congresso Nacional. Extrai-se da \u00a0proposta o objetivo de reconhecer \u00a0o legado de Milton Santos e as suas contribui\u00e7\u00f5es como \u201cge\u00f3grafo negro e intelectual focado no Brasil e na globaliza\u00e7\u00e3o\u201d. O professor foi o primeiro latino-americano a receber o pr\u00eamio Vautrin Lud (1994), o &#8220;Nobel da Geografia&#8221;.<\/p>\n<p><!--more--><\/p>\n<p><img loading=\"lazy\" class=\"aligncenter  wp-image-187341\" src=\"https:\/\/www.blogdothame.blog.br\/v1\/wp-content\/uploads\/2026\/05\/PHOTO-2026-05-01-12-02-45-1.jpg\" alt=\"\" width=\"195\" height=\"259\" \/><\/p>\n<p>O professor Milton Santos foi perseguido na ditadura militar, precisou se exilar e, para sobreviver, lecionou em universidades da Europa, da \u00c1frica e das Am\u00e9ricas. Ele foi reconhecido com dezenove t\u00edtulos de Doutor Honoris Causa e eleito &#8220;O Brasileiro do S\u00e9culo&#8221; em 1999, na categoria Educa\u00e7\u00e3o, Ci\u00eancia e Tecnologia, pela revista Isto\u00c9. Recebeu ainda o Pr\u00eamio Jabuti (1997) na categoria \u201cCi\u00eancias Humanas\u201d e o Pr\u00eamio UNESCO de Ci\u00eancia. Sua obra ultrapassa os muros das universidades, permanece vigente e necess\u00e1ria.<\/p>\n<p>&nbsp;<\/p>\n<p>&#8212;<\/p>\n<p><em>Efson Lima \u00e9 Doutor em Direito. Membro das Academias de Letras de Ilh\u00e9us e da Grapi\u00fana de Artes e Letras (Agral).<\/em><\/p>\n<p><em>efsonlima@gmail.com<\/em><\/p>\n","protected":false},"excerpt":{"rendered":"<p>&nbsp; Efson Lima A Bahia recebeu como presente o nascimento de Milton Almeida dos Santos em 03 de maio de 1926, em Brotas de Maca\u00fabas. Aquela crian\u00e7a cresceu e se tornou uma das maiores refer\u00eancias da Geografia e do campo das humanidades no mundo. Imortalizou-se com uma vasta produ\u00e7\u00e3o acad\u00eamica, rompendo preconceitos e se notabilizando [&hellip;]<\/p>\n","protected":false},"author":2,"featured_media":187340,"comment_status":"open","ping_status":"open","sticky":false,"template":"","format":"standard","meta":{"_links_to":"","_links_to_target":""},"categories":[33434],"tags":[23720,42178],"_links":{"self":[{"href":"https:\/\/www.blogdothame.blog.br\/v1\/wp-json\/wp\/v2\/posts\/187339"}],"collection":[{"href":"https:\/\/www.blogdothame.blog.br\/v1\/wp-json\/wp\/v2\/posts"}],"about":[{"href":"https:\/\/www.blogdothame.blog.br\/v1\/wp-json\/wp\/v2\/types\/post"}],"author":[{"embeddable":true,"href":"https:\/\/www.blogdothame.blog.br\/v1\/wp-json\/wp\/v2\/users\/2"}],"replies":[{"embeddable":true,"href":"https:\/\/www.blogdothame.blog.br\/v1\/wp-json\/wp\/v2\/comments?post=187339"}],"version-history":[{"count":1,"href":"https:\/\/www.blogdothame.blog.br\/v1\/wp-json\/wp\/v2\/posts\/187339\/revisions"}],"predecessor-version":[{"id":187342,"href":"https:\/\/www.blogdothame.blog.br\/v1\/wp-json\/wp\/v2\/posts\/187339\/revisions\/187342"}],"wp:featuredmedia":[{"embeddable":true,"href":"https:\/\/www.blogdothame.blog.br\/v1\/wp-json\/wp\/v2\/media\/187340"}],"wp:attachment":[{"href":"https:\/\/www.blogdothame.blog.br\/v1\/wp-json\/wp\/v2\/media?parent=187339"}],"wp:term":[{"taxonomy":"category","embeddable":true,"href":"https:\/\/www.blogdothame.blog.br\/v1\/wp-json\/wp\/v2\/categories?post=187339"},{"taxonomy":"post_tag","embeddable":true,"href":"https:\/\/www.blogdothame.blog.br\/v1\/wp-json\/wp\/v2\/tags?post=187339"}],"curies":[{"name":"wp","href":"https:\/\/api.w.org\/{rel}","templated":true}]}}