{"id":187336,"date":"2026-04-30T21:00:02","date_gmt":"2026-05-01T00:00:02","guid":{"rendered":"https:\/\/www.blogdothame.blog.br\/v1\/?p=187336"},"modified":"2026-04-30T17:12:29","modified_gmt":"2026-04-30T20:12:29","slug":"adelia-pinheiro-defende-articulacao-e-solucoes-para-fortalecer-cadeia-produtiva-do-cacau","status":"publish","type":"post","link":"https:\/\/www.blogdothame.blog.br\/v1\/2026\/04\/30\/adelia-pinheiro-defende-articulacao-e-solucoes-para-fortalecer-cadeia-produtiva-do-cacau\/","title":{"rendered":"Ad\u00e9lia Pinheiro defende articula\u00e7\u00e3o e solu\u00e7\u00f5es para fortalecer cadeia produtiva do cacau"},"content":{"rendered":"<p style=\"font-weight: 400;\"><img loading=\"lazy\" class=\"alignright wp-image-187337\" src=\"https:\/\/www.blogdothame.blog.br\/v1\/wp-content\/uploads\/2026\/04\/Jeandro-Ribeiro-presidente-da-CAR-Adelia-Pinheiro-e-o-reitor-da-Uesc-Alessandro-Santana-Foto-Marina-Maria.jpeg\" alt=\"\" width=\"352\" height=\"247\" srcset=\"https:\/\/www.blogdothame.blog.br\/v1\/wp-content\/uploads\/2026\/04\/Jeandro-Ribeiro-presidente-da-CAR-Adelia-Pinheiro-e-o-reitor-da-Uesc-Alessandro-Santana-Foto-Marina-Maria.jpeg 600w, https:\/\/www.blogdothame.blog.br\/v1\/wp-content\/uploads\/2026\/04\/Jeandro-Ribeiro-presidente-da-CAR-Adelia-Pinheiro-e-o-reitor-da-Uesc-Alessandro-Santana-Foto-Marina-Maria-300x211.jpeg 300w\" sizes=\"(max-width: 352px) 100vw, 352px\" \/>A professora e m\u00e9dica Ad\u00e9lia Pinheiro destacou a necessidade de di\u00e1logo permanente e constru\u00e7\u00e3o coletiva para enfrentar os desafios da cadeia produtiva do cacau, durante encontro que reuniu produtores, cooperativas e institui\u00e7\u00f5es do setor, nesta quarta-feira (29), na Universidade Estadual de Santa Cruz (Uesc), em Ilh\u00e9us.<\/p>\n<p style=\"font-weight: 400;\">Ao participar da reuni\u00e3o, que integrou as a\u00e7\u00f5es do projeto Parceiros da Mata, Ad\u00e9lia ressaltou o compromisso do governo estadual com a regi\u00e3o e afirmou que acompanha de perto as discuss\u00f5es sobre o setor. \u201cO di\u00e1logo e a constru\u00e7\u00e3o coletiva de encaminhamentos resultam do forte compromisso do governador Jer\u00f4nimo Rodrigues com a cadeia cacau-chocolate e com a agricultura familiar\u201d, declarou<\/p>\n<p style=\"font-weight: 400;\">De acordo com a pr\u00e9-candidata a deputada federal pelo PT, o debate desta quarta-feira fez parte da s\u00e9rie de esfor\u00e7os em defesa da cacauicultura baiana. \u2018\u00c9 mais uma entrega para atender as demandas apresentadas ao Governo da Bahia para fazer frente \u00e0 crise de pre\u00e7o do cacau. Fa\u00e7o parte do grupo de trabalho institu\u00eddo e defendo permanentemente a pauta da regi\u00e3o\u201d, explicou.<\/p>\n<p><!--more--><\/p>\n<p style=\"font-weight: 400;\">O encontro reuniu mais de 600 produtores, al\u00e9m de t\u00e9cnicos, gestores p\u00fablicos e representantes de cooperativas, com foco no alinhamento de estrat\u00e9gias para ampliar a produ\u00e7\u00e3o, fortalecer a agricultura familiar e agregar valor ao cacau baiano. Entre os temas debatidos estiveram assist\u00eancia t\u00e9cnica, extens\u00e3o rural e iniciativas como a Indica\u00e7\u00e3o Geogr\u00e1fica (IG), considerada estrat\u00e9gica para valoriza\u00e7\u00e3o do produto regional.<\/p>\n<p style=\"font-weight: 400;\">Durante a agenda, tamb\u00e9m foi formalizado um memorando para continuidade do projeto Cacau+, no Baixo Sul, iniciativa voltada ao aumento da produtividade e da sustentabilidade da cultura. A programa\u00e7\u00e3o incluiu ainda apresenta\u00e7\u00f5es sobre pol\u00edticas p\u00fablicas para o setor, experi\u00eancias de sucesso e a\u00e7\u00f5es voltadas \u00e0 agroindustrializa\u00e7\u00e3o.<\/p>\n","protected":false},"excerpt":{"rendered":"<p>A professora e m\u00e9dica Ad\u00e9lia Pinheiro destacou a necessidade de di\u00e1logo permanente e constru\u00e7\u00e3o coletiva para enfrentar os desafios da cadeia produtiva do cacau, durante encontro que reuniu produtores, cooperativas e institui\u00e7\u00f5es do setor, nesta quarta-feira (29), na Universidade Estadual de Santa Cruz (Uesc), em Ilh\u00e9us. Ao participar da reuni\u00e3o, que integrou as a\u00e7\u00f5es do [&hellip;]<\/p>\n","protected":false},"author":2,"featured_media":187337,"comment_status":"open","ping_status":"open","sticky":false,"template":"","format":"standard","meta":{"_links_to":"","_links_to_target":""},"categories":[33435],"tags":[81,16668,185],"_links":{"self":[{"href":"https:\/\/www.blogdothame.blog.br\/v1\/wp-json\/wp\/v2\/posts\/187336"}],"collection":[{"href":"https:\/\/www.blogdothame.blog.br\/v1\/wp-json\/wp\/v2\/posts"}],"about":[{"href":"https:\/\/www.blogdothame.blog.br\/v1\/wp-json\/wp\/v2\/types\/post"}],"author":[{"embeddable":true,"href":"https:\/\/www.blogdothame.blog.br\/v1\/wp-json\/wp\/v2\/users\/2"}],"replies":[{"embeddable":true,"href":"https:\/\/www.blogdothame.blog.br\/v1\/wp-json\/wp\/v2\/comments?post=187336"}],"version-history":[{"count":1,"href":"https:\/\/www.blogdothame.blog.br\/v1\/wp-json\/wp\/v2\/posts\/187336\/revisions"}],"predecessor-version":[{"id":187338,"href":"https:\/\/www.blogdothame.blog.br\/v1\/wp-json\/wp\/v2\/posts\/187336\/revisions\/187338"}],"wp:featuredmedia":[{"embeddable":true,"href":"https:\/\/www.blogdothame.blog.br\/v1\/wp-json\/wp\/v2\/media\/187337"}],"wp:attachment":[{"href":"https:\/\/www.blogdothame.blog.br\/v1\/wp-json\/wp\/v2\/media?parent=187336"}],"wp:term":[{"taxonomy":"category","embeddable":true,"href":"https:\/\/www.blogdothame.blog.br\/v1\/wp-json\/wp\/v2\/categories?post=187336"},{"taxonomy":"post_tag","embeddable":true,"href":"https:\/\/www.blogdothame.blog.br\/v1\/wp-json\/wp\/v2\/tags?post=187336"}],"curies":[{"name":"wp","href":"https:\/\/api.w.org\/{rel}","templated":true}]}}