{"id":187333,"date":"2026-05-01T10:17:05","date_gmt":"2026-05-01T13:17:05","guid":{"rendered":"https:\/\/www.blogdothame.blog.br\/v1\/?p=187333"},"modified":"2026-04-30T16:19:58","modified_gmt":"2026-04-30T19:19:58","slug":"sebrae-oferece-mais-de-2-mil-vagas-em-capacitacoes-gratuitas-no-sul-da-bahia","status":"publish","type":"post","link":"https:\/\/www.blogdothame.blog.br\/v1\/2026\/05\/01\/sebrae-oferece-mais-de-2-mil-vagas-em-capacitacoes-gratuitas-no-sul-da-bahia\/","title":{"rendered":"Sebrae oferece mais de 2 mil vagas em capacita\u00e7\u00f5es gratuitas no Sul da Bahia"},"content":{"rendered":"<p><img loading=\"lazy\" class=\"aligncenter  wp-image-187334\" src=\"https:\/\/www.blogdothame.blog.br\/v1\/wp-content\/uploads\/2026\/04\/sebra.jpg\" alt=\"\" width=\"374\" height=\"226\" srcset=\"https:\/\/www.blogdothame.blog.br\/v1\/wp-content\/uploads\/2026\/04\/sebra.jpg 488w, https:\/\/www.blogdothame.blog.br\/v1\/wp-content\/uploads\/2026\/04\/sebra-300x181.jpg 300w\" sizes=\"(max-width: 374px) 100vw, 374px\" \/>O Sebrae est\u00e1 com uma ampla programa\u00e7\u00e3o de capacita\u00e7\u00f5es gratuitas no Sul da Bahia, totalizando mais de 2 mil vagas destinadas a empres\u00e1rios de micro e pequenas empresas que desejam aprimorar a gest\u00e3o e impulsionar seus neg\u00f3cios.<\/p>\n<p>As atividades acontecem ao longo do m\u00eas de maio em munic\u00edpios como Ilh\u00e9us, Itabuna, Buerarema, Canavieiras, Coaraci e Itacar\u00e9. As inscri\u00e7\u00f5es s\u00e3o gratuitas e podem ser realizadas por meio do link (<a href=\"https:\/\/bit.ly\/agendasebraeios\">clique aqui<\/a>).<\/p>\n<p>A iniciativa re\u00fane conte\u00fados pr\u00e1ticos e atualizados, com foco em \u00e1reas estrat\u00e9gicas como atendimento ao cliente, vendas, reforma tribut\u00e1ria, finan\u00e7as e intelig\u00eancia artificial, conduzidos por especialistas em gest\u00e3o. O objetivo \u00e9 fortalecer a competitividade dos pequenos neg\u00f3cios e apoiar a tomada de decis\u00f5es mais assertivas no dia a dia empresarial.<\/p>\n<p><!--more--><\/p>\n<p>De acordo com o gerente-adjunto do Sebrae em Ilh\u00e9us, Michel Lima, a a\u00e7\u00e3o ganha ainda mais relev\u00e2ncia neste per\u00edodo. \u201cO m\u00eas de maio \u00e9 estrat\u00e9gico para o empres\u00e1rio se preparar para oportunidades importantes do calend\u00e1rio comercial. As capacita\u00e7\u00f5es oferecem conhecimento pr\u00e1tico para melhorar a gest\u00e3o, aumentar as vendas e tornar os neg\u00f3cios mais competitivos\u201d, destacou.<\/p>\n<p><strong>Dia D Sebrae<\/strong><\/p>\n<p>Um dos destaques da programa\u00e7\u00e3o \u00e9 o lan\u00e7amento do Dia D Sebrae, uma agenda fixa de encontros semanais voltados \u00e0 qualifica\u00e7\u00e3o empresarial. As atividades ser\u00e3o realizadas sempre \u00e0s segundas-feiras, em Ilh\u00e9us, e \u00e0s ter\u00e7as-feiras, em Itabuna, \u00e0s 19h, nas unidades do Sebrae.<\/p>\n<p>Ao todo, ser\u00e3o mais de 500 vagas distribu\u00eddas entre os dois munic\u00edpios, com palestras que abordam temas atuais e aplic\u00e1veis \u00e0 realidade dos empreendedores. Mais informa\u00e7\u00f5es tamb\u00e9m est\u00e3o dispon\u00edveis pelos telefones 73 98188-6298, 73 99188-3733 ou pela central de atendimento 0800 570 0800.<\/p>\n<p><strong>Programa\u00e7\u00e3o<\/strong><\/p>\n<p><strong>Ilh\u00e9us<\/strong><\/p>\n<p>05\/05 \u2013 Quer vender mais na Copa e no S\u00e3o Jo\u00e3o? Descubra estrat\u00e9gias pr\u00e1ticas para aumentar seu faturamento<br \/>\n11\/05 \u2013 Sua empresa \u00e9 figital? Conecte, venda mais e cres\u00e7a<br \/>\n18\/05 \u2013 Impulsione seus resultados financeiros<br \/>\n25\/05 \u2013 IA para conte\u00fados e vendas \u2014 atraia mais clientes e venda mais<\/p>\n<p><strong>Itabuna<\/strong><\/p>\n<p>06\/05 \u2013 Quer vender mais na Copa e no S\u00e3o Jo\u00e3o? Descubra estrat\u00e9gias pr\u00e1ticas para aumentar seu faturamento<br \/>\n12\/05 \u2013 Sua empresa \u00e9 figital? Conecte, venda mais e cres\u00e7a<br \/>\n19\/05 \u2013 Impulsione seus resultados financeiros<br \/>\n26\/05 \u2013 IA para conte\u00fados e vendas \u2014 atraia mais clientes e venda mais<\/p>\n<p>&nbsp;<\/p>\n<p>(Foto iStock)<\/p>\n","protected":false},"excerpt":{"rendered":"<p>O Sebrae est\u00e1 com uma ampla programa\u00e7\u00e3o de capacita\u00e7\u00f5es gratuitas no Sul da Bahia, totalizando mais de 2 mil vagas destinadas a empres\u00e1rios de micro e pequenas empresas que desejam aprimorar a gest\u00e3o e impulsionar seus neg\u00f3cios. As atividades acontecem ao longo do m\u00eas de maio em munic\u00edpios como Ilh\u00e9us, Itabuna, Buerarema, Canavieiras, Coaraci e [&hellip;]<\/p>\n","protected":false},"author":2,"featured_media":187334,"comment_status":"open","ping_status":"open","sticky":false,"template":"","format":"standard","meta":{"_links_to":"","_links_to_target":""},"categories":[33436],"tags":[42177,1549],"_links":{"self":[{"href":"https:\/\/www.blogdothame.blog.br\/v1\/wp-json\/wp\/v2\/posts\/187333"}],"collection":[{"href":"https:\/\/www.blogdothame.blog.br\/v1\/wp-json\/wp\/v2\/posts"}],"about":[{"href":"https:\/\/www.blogdothame.blog.br\/v1\/wp-json\/wp\/v2\/types\/post"}],"author":[{"embeddable":true,"href":"https:\/\/www.blogdothame.blog.br\/v1\/wp-json\/wp\/v2\/users\/2"}],"replies":[{"embeddable":true,"href":"https:\/\/www.blogdothame.blog.br\/v1\/wp-json\/wp\/v2\/comments?post=187333"}],"version-history":[{"count":1,"href":"https:\/\/www.blogdothame.blog.br\/v1\/wp-json\/wp\/v2\/posts\/187333\/revisions"}],"predecessor-version":[{"id":187335,"href":"https:\/\/www.blogdothame.blog.br\/v1\/wp-json\/wp\/v2\/posts\/187333\/revisions\/187335"}],"wp:featuredmedia":[{"embeddable":true,"href":"https:\/\/www.blogdothame.blog.br\/v1\/wp-json\/wp\/v2\/media\/187334"}],"wp:attachment":[{"href":"https:\/\/www.blogdothame.blog.br\/v1\/wp-json\/wp\/v2\/media?parent=187333"}],"wp:term":[{"taxonomy":"category","embeddable":true,"href":"https:\/\/www.blogdothame.blog.br\/v1\/wp-json\/wp\/v2\/categories?post=187333"},{"taxonomy":"post_tag","embeddable":true,"href":"https:\/\/www.blogdothame.blog.br\/v1\/wp-json\/wp\/v2\/tags?post=187333"}],"curies":[{"name":"wp","href":"https:\/\/api.w.org\/{rel}","templated":true}]}}