{"id":187283,"date":"2026-04-29T19:30:44","date_gmt":"2026-04-29T22:30:44","guid":{"rendered":"https:\/\/www.blogdothame.blog.br\/v1\/?p=187283"},"modified":"2026-04-29T17:05:35","modified_gmt":"2026-04-29T20:05:35","slug":"assembleia-legislativa-celebra-81-anos-do-sinjorba-e-se-soma-as-lutas-dos-jornalistas-contem-comigo-afirma-robinson-almeida","status":"publish","type":"post","link":"https:\/\/www.blogdothame.blog.br\/v1\/2026\/04\/29\/assembleia-legislativa-celebra-81-anos-do-sinjorba-e-se-soma-as-lutas-dos-jornalistas-contem-comigo-afirma-robinson-almeida\/","title":{"rendered":"Assembleia Legislativa celebra 81 anos do Sinjorba e se soma \u00e0s lutas dos jornalistas; \u201ccontem comigo\u201d, afirma Robinson Almeida"},"content":{"rendered":"<p><img loading=\"lazy\" class=\"aligncenter  wp-image-187284\" src=\"https:\/\/www.blogdothame.blog.br\/v1\/wp-content\/uploads\/2026\/04\/PHOTO-2026-04-29-16-54-28-1.jpg\" alt=\"\" width=\"447\" height=\"246\" srcset=\"https:\/\/www.blogdothame.blog.br\/v1\/wp-content\/uploads\/2026\/04\/PHOTO-2026-04-29-16-54-28-1.jpg 600w, https:\/\/www.blogdothame.blog.br\/v1\/wp-content\/uploads\/2026\/04\/PHOTO-2026-04-29-16-54-28-1-300x165.jpg 300w\" sizes=\"(max-width: 447px) 100vw, 447px\" \/>A Assembleia Legislativa da Bahia (ALBA) celebrou, nesta ter\u00e7a-feira (29), os 81 anos do Sindicato dos Jornalistas Profissionais no Estado da Bahia (Sinjorba), em ato comemorativo realizada no Plenarinho da Casa, por iniciativa do deputado estadual Robinson Almeida (PT). O evento tamb\u00e9m marcou as comemora\u00e7\u00f5es pelo Dia do Jornalista, celebrado nacionalmente em 7 de abril, e reuniu profissionais da imprensa e dirigentes sindicais.<\/p>\n<p><img loading=\"lazy\" class=\"alignleft size-medium wp-image-187285\" src=\"https:\/\/www.blogdothame.blog.br\/v1\/wp-content\/uploads\/2026\/04\/PHOTO-2026-04-29-16-54-28-300x189.jpg\" alt=\"\" width=\"300\" height=\"189\" srcset=\"https:\/\/www.blogdothame.blog.br\/v1\/wp-content\/uploads\/2026\/04\/PHOTO-2026-04-29-16-54-28-300x189.jpg 300w, https:\/\/www.blogdothame.blog.br\/v1\/wp-content\/uploads\/2026\/04\/PHOTO-2026-04-29-16-54-28.jpg 600w\" sizes=\"(max-width: 300px) 100vw, 300px\" \/>Durante a solenidade, Robinson Almeida destacou a trajet\u00f3ria hist\u00f3rica do Sinjorba na defesa da categoria, da liberdade de imprensa e da democracia, ressaltando que a entidade resistiu a per\u00edodos autorit\u00e1rios da hist\u00f3ria brasileira, inclusive \u00e0 ditadura militar.<\/p>\n<p>&nbsp;<\/p>\n<p>\u201cPoucos sindicatos alcan\u00e7am mais de oito d\u00e9cadas de exist\u00eancia. O Sinjorba construiu uma trajet\u00f3ria de coragem, sempre ao lado dos trabalhadores da comunica\u00e7\u00e3o, da democracia e da verdade factual. Essa \u00e9 uma institui\u00e7\u00e3o que orgulha a Bahia\u201d, afirmou o parlamentar.<\/p>\n<p><!--more--><\/p>\n<p>O deputado tamb\u00e9m declarou apoio \u00e0s principais pautas atuais da categoria, colocando seu mandato \u00e0 disposi\u00e7\u00e3o dos jornalistas baianos.\u00a0\u201cContem comigo na defesa dos jornalistas, na luta por direitos, pela valoriza\u00e7\u00e3o profissional e por condi\u00e7\u00f5es dignas de trabalho\u201d, disse.<\/p>\n<p>Na cerim\u00f4nia, Robinson Almeida tamb\u00e9m manifestou apoio \u00e0 PEC do Diploma, que restabelece a exig\u00eancia da forma\u00e7\u00e3o superior espec\u00edfica para o exerc\u00edcio profissional do jornalismo. Para o parlamentar, a qualifica\u00e7\u00e3o acad\u00eamica \u00e9 fundamental para assegurar preparo t\u00e9cnico, forma\u00e7\u00e3o intelectual e compromisso \u00e9tico no desempenho da atividade.<\/p>\n<p>\u201cO diploma representa valoriza\u00e7\u00e3o profissional e qualidade da informa\u00e7\u00e3o. A forma\u00e7\u00e3o universit\u00e1ria prepara tecnicamente, amplia a vis\u00e3o cr\u00edtica e fortalece princ\u00edpios \u00e9ticos indispens\u00e1veis ao exerc\u00edcio do jornalismo\u201d, pontuou.<\/p>\n<p>Ele ainda se somou \u00e0 luta contra a precariza\u00e7\u00e3o das rela\u00e7\u00f5es de trabalho no setor, marcada por pejotiza\u00e7\u00e3o, retirada de direitos e desvaloriza\u00e7\u00e3o salarial.<\/p>\n<p>Presidente do Sinjorba, Fernanda Gama agradeceu a homenagem e destacou que o reconhecimento institucional precisa se transformar em avan\u00e7os concretos para os profissionais.<\/p>\n<p>\u201cCelebrar os 81 anos do sindicato aqui na Assembleia \u00e9 algo muito representativo. A gente agradece ao deputado Robinson Almeida por essa iniciativa e essa homenagem\u201d, afirmou. Na solenidade Fernanda Gama tamb\u00e9m defendeu a realiza\u00e7\u00e3o de concursos p\u00fablicos para a categoria na Bahia. &#8220;Esperamos que esse apoio tamb\u00e9m se traduza em conquistas para a categoria, como a defesa do concurso p\u00fablico para jornalistas no Governo do Estado, pauta hist\u00f3rica do sindicato\u201d, afirmou Fernanda, que recebeu apoio de Robinson para o pleito.<\/p>\n<p>Diretor do Sinjorba e vice-presidente da Federa\u00e7\u00e3o Nacional dos Jornalistas, Moacy Neves alertou para os impactos da precariza\u00e7\u00e3o no mercado de trabalho.<\/p>\n<p>\u201cN\u00f3s temos sofrido muito com o avan\u00e7o da pejotiza\u00e7\u00e3o no setor de comunica\u00e7\u00e3o, que retira direitos e fragiliza a rela\u00e7\u00e3o de trabalho, prejudicando por demais a categoria\u201d, declarou.<\/p>\n<p>&#8220;A presen\u00e7a dos trabalhadores na Casa Legislativa da Bahia \u00e9 muito importante para garantir voz a um segmento que vem sofrendo muitos problemas, especialmente ap\u00f3s as mudan\u00e7as nas legisla\u00e7\u00f5es trabalhista e previdenci\u00e1ria. Os trabalhadores sofreram perdas, e os jornalistas n\u00e3o s\u00e3o diferentes\u201d, completou Moacy.<\/p>\n<p>Representando o secret\u00e1rio estadual de Comunica\u00e7\u00e3o, Marcus Vinicius Di Flora, a jornalista Regina Ferreira ressaltou a import\u00e2ncia hist\u00f3rica da entidade.<\/p>\n<p>\u201c\u00c9 uma import\u00e2ncia fundamental. O Sinjorba completar 81 anos n\u00e3o \u00e9 brincadeira. A gente tem que comemorar, tem que estar atuante, presente, mostrando para que serve o sindicato, como o sindicato ajuda os profissionais e est\u00e1 junto com a categoria. Isso \u00e9 muito importante\u201d, disse.<\/p>\n<p>A representante do governo tamb\u00e9m ressaltou a parceria institucional entre o Estado e o sindicato, especialmente em iniciativas voltadas \u00e0 qualifica\u00e7\u00e3o profissional dos jornalistas baianos.<br \/>\n\u201cSem falar da parceria que o Governo do Estado tem com o Sinjorba, que capacita, atrav\u00e9s da SETRE, com v\u00e1rias forma\u00e7\u00f5es voltadas para os jornalistas. Isso \u00e9 um grande ganho e uma grande import\u00e2ncia tamb\u00e9m\u201d, declarou.<\/p>\n<p>O secret\u00e1rio de Comunica\u00e7\u00e3o de Cama\u00e7ari, Geraldo Honorato, destacou o papel do Sinjorba na defesa da democracia e do exerc\u00edcio da atividade profissional dos jornalistas. &#8220;O Sinjorba tem uma trajet\u00f3ria de grande contribui\u00e7\u00e3o para a Bahia e para o Brasil, sempre atuando na defesa da democracia e na luta por melhores condi\u00e7\u00f5es de trabalho&#8221;, refletiu.<\/p>\n<p>A cerim\u00f4nia contou ainda com a presen\u00e7a de ex-presidentes do Sinjorba, entre eles Hel\u00f4 Sampaio e Alberto Freitas, reconhecidos por suas contribui\u00e7\u00f5es \u00e0 trajet\u00f3ria da entidade.<\/p>\n","protected":false},"excerpt":{"rendered":"<p>A Assembleia Legislativa da Bahia (ALBA) celebrou, nesta ter\u00e7a-feira (29), os 81 anos do Sindicato dos Jornalistas Profissionais no Estado da Bahia (Sinjorba), em ato comemorativo realizada no Plenarinho da Casa, por iniciativa do deputado estadual Robinson Almeida (PT). O evento tamb\u00e9m marcou as comemora\u00e7\u00f5es pelo Dia do Jornalista, celebrado nacionalmente em 7 de abril, [&hellip;]<\/p>\n","protected":false},"author":2,"featured_media":187284,"comment_status":"open","ping_status":"open","sticky":false,"template":"","format":"standard","meta":{"_links_to":"","_links_to_target":""},"categories":[33432],"tags":[42170,573,473,11923],"_links":{"self":[{"href":"https:\/\/www.blogdothame.blog.br\/v1\/wp-json\/wp\/v2\/posts\/187283"}],"collection":[{"href":"https:\/\/www.blogdothame.blog.br\/v1\/wp-json\/wp\/v2\/posts"}],"about":[{"href":"https:\/\/www.blogdothame.blog.br\/v1\/wp-json\/wp\/v2\/types\/post"}],"author":[{"embeddable":true,"href":"https:\/\/www.blogdothame.blog.br\/v1\/wp-json\/wp\/v2\/users\/2"}],"replies":[{"embeddable":true,"href":"https:\/\/www.blogdothame.blog.br\/v1\/wp-json\/wp\/v2\/comments?post=187283"}],"version-history":[{"count":1,"href":"https:\/\/www.blogdothame.blog.br\/v1\/wp-json\/wp\/v2\/posts\/187283\/revisions"}],"predecessor-version":[{"id":187286,"href":"https:\/\/www.blogdothame.blog.br\/v1\/wp-json\/wp\/v2\/posts\/187283\/revisions\/187286"}],"wp:featuredmedia":[{"embeddable":true,"href":"https:\/\/www.blogdothame.blog.br\/v1\/wp-json\/wp\/v2\/media\/187284"}],"wp:attachment":[{"href":"https:\/\/www.blogdothame.blog.br\/v1\/wp-json\/wp\/v2\/media?parent=187283"}],"wp:term":[{"taxonomy":"category","embeddable":true,"href":"https:\/\/www.blogdothame.blog.br\/v1\/wp-json\/wp\/v2\/categories?post=187283"},{"taxonomy":"post_tag","embeddable":true,"href":"https:\/\/www.blogdothame.blog.br\/v1\/wp-json\/wp\/v2\/tags?post=187283"}],"curies":[{"name":"wp","href":"https:\/\/api.w.org\/{rel}","templated":true}]}}