{"id":187258,"date":"2026-04-29T11:13:14","date_gmt":"2026-04-29T14:13:14","guid":{"rendered":"https:\/\/www.blogdothame.blog.br\/v1\/?p=187258"},"modified":"2026-04-29T09:17:08","modified_gmt":"2026-04-29T12:17:08","slug":"jeronimo-rodrigues-autoriza-pavimentacao-da-ba-668-entre-o-municipio-de-buerarema-e-o-distrito-de-vila-operaria","status":"publish","type":"post","link":"https:\/\/www.blogdothame.blog.br\/v1\/2026\/04\/29\/jeronimo-rodrigues-autoriza-pavimentacao-da-ba-668-entre-o-municipio-de-buerarema-e-o-distrito-de-vila-operaria\/","title":{"rendered":"Jer\u00f4nimo Rodrigues autoriza pavimenta\u00e7\u00e3o da BA-668 entre o munic\u00edpio de Buerarema e o distrito de Vila Oper\u00e1ria"},"content":{"rendered":"<p><img loading=\"lazy\" class=\"aligncenter wp-image-187259\" src=\"https:\/\/www.blogdothame.blog.br\/v1\/wp-content\/uploads\/2026\/04\/PHOTO-2026-04-28-22-12-49.jpg\" alt=\"\" width=\"399\" height=\"266\" srcset=\"https:\/\/www.blogdothame.blog.br\/v1\/wp-content\/uploads\/2026\/04\/PHOTO-2026-04-28-22-12-49.jpg 600w, https:\/\/www.blogdothame.blog.br\/v1\/wp-content\/uploads\/2026\/04\/PHOTO-2026-04-28-22-12-49-300x200.jpg 300w\" sizes=\"(max-width: 399px) 100vw, 399px\" \/>O governador Jer\u00f4nimo Rodrigues se reuniu, nesta ter\u00e7a-feira (28), com secret\u00e1rios municipais e o prefeito de Buerarema, Gerivaldo Freitas, ocasi\u00e3o em que assinou a ordem de servi\u00e7o para pavimenta\u00e7\u00e3o da rodovia BA-668, no trecho entre a sede o distrito de Vila Oper\u00e1ria.<\/p>\n<p>\u201cEstamos aqui para discutir melhorias na infraestrutura de uma estrada que vai escoar a produ\u00e7\u00e3o agr\u00edcola da regi\u00e3o. Continuamos investindo no desenvolvimento da nossa Bahia\u201d, explicou o governador.<\/p>\n<p>A proposta foi apresentada em uma audi\u00eancia entre Estado e Prefeitura no ano passado e o encontro desta ter\u00e7a-feira concretizou o sonho da popula\u00e7\u00e3o. \u201cOs moradores dessa regi\u00e3o sofrem muito e esses 7,5 quil\u00f4metros, que t\u00eam um fluxo maior de tr\u00e2nsito, v\u00e3o facilitar o escoamento de toda nossa produ\u00e7\u00e3o de farinha e outros produtos da agricultura\u201d, celebrou o prefeito.<\/p>\n","protected":false},"excerpt":{"rendered":"<p>O governador Jer\u00f4nimo Rodrigues se reuniu, nesta ter\u00e7a-feira (28), com secret\u00e1rios municipais e o prefeito de Buerarema, Gerivaldo Freitas, ocasi\u00e3o em que assinou a ordem de servi\u00e7o para pavimenta\u00e7\u00e3o da rodovia BA-668, no trecho entre a sede o distrito de Vila Oper\u00e1ria. \u201cEstamos aqui para discutir melhorias na infraestrutura de uma estrada que vai escoar [&hellip;]<\/p>\n","protected":false},"author":2,"featured_media":187259,"comment_status":"open","ping_status":"open","sticky":false,"template":"","format":"standard","meta":{"_links_to":"","_links_to_target":""},"categories":[33433],"tags":[16,12213,42165],"_links":{"self":[{"href":"https:\/\/www.blogdothame.blog.br\/v1\/wp-json\/wp\/v2\/posts\/187258"}],"collection":[{"href":"https:\/\/www.blogdothame.blog.br\/v1\/wp-json\/wp\/v2\/posts"}],"about":[{"href":"https:\/\/www.blogdothame.blog.br\/v1\/wp-json\/wp\/v2\/types\/post"}],"author":[{"embeddable":true,"href":"https:\/\/www.blogdothame.blog.br\/v1\/wp-json\/wp\/v2\/users\/2"}],"replies":[{"embeddable":true,"href":"https:\/\/www.blogdothame.blog.br\/v1\/wp-json\/wp\/v2\/comments?post=187258"}],"version-history":[{"count":1,"href":"https:\/\/www.blogdothame.blog.br\/v1\/wp-json\/wp\/v2\/posts\/187258\/revisions"}],"predecessor-version":[{"id":187260,"href":"https:\/\/www.blogdothame.blog.br\/v1\/wp-json\/wp\/v2\/posts\/187258\/revisions\/187260"}],"wp:featuredmedia":[{"embeddable":true,"href":"https:\/\/www.blogdothame.blog.br\/v1\/wp-json\/wp\/v2\/media\/187259"}],"wp:attachment":[{"href":"https:\/\/www.blogdothame.blog.br\/v1\/wp-json\/wp\/v2\/media?parent=187258"}],"wp:term":[{"taxonomy":"category","embeddable":true,"href":"https:\/\/www.blogdothame.blog.br\/v1\/wp-json\/wp\/v2\/categories?post=187258"},{"taxonomy":"post_tag","embeddable":true,"href":"https:\/\/www.blogdothame.blog.br\/v1\/wp-json\/wp\/v2\/tags?post=187258"}],"curies":[{"name":"wp","href":"https:\/\/api.w.org\/{rel}","templated":true}]}}