{"id":187244,"date":"2026-04-29T06:00:25","date_gmt":"2026-04-29T09:00:25","guid":{"rendered":"https:\/\/www.blogdothame.blog.br\/v1\/?p=187244"},"modified":"2026-04-29T15:18:11","modified_gmt":"2026-04-29T18:18:11","slug":"bahia-inicia-construcao-do-plano-baiano-de-inteligencia-artificial-com-escuta-de-diversos-setores","status":"publish","type":"post","link":"https:\/\/www.blogdothame.blog.br\/v1\/2026\/04\/29\/bahia-inicia-construcao-do-plano-baiano-de-inteligencia-artificial-com-escuta-de-diversos-setores\/","title":{"rendered":"Bahia inicia constru\u00e7\u00e3o do Plano Baiano de Intelig\u00eancia Artificial com escuta de diversos setores"},"content":{"rendered":"<p style=\"text-align: center;\"><strong>Encontros promovidos pela Secti, em parceria com o Comit\u00ea Gestor<\/strong><\/p>\n<p style=\"text-align: center;\"><strong> do Governo Digital, re\u00fanem especialistas e sociedade civil\u00a0<\/strong><\/p>\n<p><img loading=\"lazy\" class=\"aligncenter wp-image-187245\" src=\"https:\/\/www.blogdothame.blog.br\/v1\/wp-content\/uploads\/2026\/04\/IABA.jpg\" alt=\"\" width=\"419\" height=\"286\" srcset=\"https:\/\/www.blogdothame.blog.br\/v1\/wp-content\/uploads\/2026\/04\/IABA.jpg 520w, https:\/\/www.blogdothame.blog.br\/v1\/wp-content\/uploads\/2026\/04\/IABA-300x205.jpg 300w\" sizes=\"(max-width: 419px) 100vw, 419px\" \/><br \/>\nTeve in\u00edcio nesta segunda-feira (27) a agenda de constru\u00e7\u00e3o do Plano Baiano de Intelig\u00eancia Artificial, promovida pela Secretaria de Ci\u00eancia, Tecnologia e Inova\u00e7\u00e3o (Secti), em parceria com o Comit\u00ea Gestor do Governo Digital. A iniciativa re\u00fane institui\u00e7\u00f5es de ci\u00eancia e tecnologia (ICTs), gestores p\u00fablicos, representantes do setor produtivo e a sociedade civil em uma s\u00e9rie de encontros voltados \u00e0 escuta ativa, com o objetivo de construir um documento estrat\u00e9gico, eficiente e alinhado \u00e0s demandas da Bahia.<\/p>\n<p>O primeiro encontro marcou a abertura do processo participativo, que seguir\u00e1 at\u00e9 o dia 30 de abril, estruturado em quatro momentos tem\u00e1ticos e direcionados a p\u00fablicos diversos. Ao longo da programa\u00e7\u00e3o, ser\u00e3o debatidos temas como educa\u00e7\u00e3o, sa\u00fade, seguran\u00e7a p\u00fablica, direitos humanos e inclus\u00e3o, emprego e economia e pesquisa cient\u00edfica, organizados a partir de pilares estrat\u00e9gicos que contemplam aspectos como legisla\u00e7\u00e3o, regula\u00e7\u00e3o e uso \u00e9tico, governan\u00e7a de dados, sustentabilidade, desenvolvimento territorial e infraestrutura.<\/p>\n<p>A proposta \u00e9 garantir uma constru\u00e7\u00e3o coletiva, capaz de refletir as diferentes realidades do estado e orientar pol\u00edticas p\u00fablicas voltadas ao uso respons\u00e1vel da intelig\u00eancia artificial. Os interessados podem se inscrever para os pr\u00f3ximos encontros por meio do link:\u00a0<a href=\"https:\/\/forms.gle\/3EJzJwfngLRPS7PEA.\">https:\/\/forms.gle\/3EJzJwfngLRPS7PEA.<\/a><\/p>\n<p><!--more--><br \/>\nO secret\u00e1rio da Secti, Marcius Gomes, destacou a import\u00e2ncia da elabora\u00e7\u00e3o coletiva para o desenvolvimento de uma pol\u00edtica estadual alinhada \u00e0s necessidades da popula\u00e7\u00e3o baiana e conectada ao cen\u00e1rio nacional. \u201cEstamos construindo uma normativa em di\u00e1logo com o Plano Brasileiro de Intelig\u00eancia Artificial (PBIA), garantindo que a Bahia esteja alinhada \u00e0s diretrizes nacionais, sem perder de vista suas especificidades. Esse \u00e9 um processo baseado na escuta e na participa\u00e7\u00e3o, para que a Intelig\u00eancia Artificial seja utilizada de forma \u00e9tica, estrat\u00e9gica e capaz de gerar oportunidades e reduzir desigualdades em todo o estado\u201d.<\/p>\n<p>Para Matteus Martins, assessor na Casa Civil membro do Comit\u00ea Gestor do Governo Digital, os encontros representam um momento estrat\u00e9gico de constru\u00e7\u00e3o conjunta do plano. \u201cO Governo da Bahia chama uma agenda para a constru\u00e7\u00e3o de um plano e d\u00e1 \u00e0 Secti a tarefa de coordena\u00e7\u00e3o, dando uma mensagem para o nosso comit\u00ea. A gente quer fazer isso com o olhar da pesquisa, da inova\u00e7\u00e3o, da ci\u00eancia e da tecnologia. O governo est\u00e1 preocupado em construir um plano para a sociedade baiana, setor produtivo, setor p\u00fablico e academia. Isso \u00e9 muito desafiador. O comit\u00ea est\u00e1 aqui para contribuir imensamente para que esse plano seja um norte para toda a sociedade baiana com rela\u00e7\u00e3o ao uso da IA\u201d, afirmou.<\/p>\n<p>O pesquisador e professor da Uneb, Uir\u00e1 Azev\u00eado, ressaltou a import\u00e2ncia dessa iniciativa do Estado. \u201cEu acho a iniciativa extraordin\u00e1ria da Secti, que deve ser celebrada e comunicada muito fortemente, para que a gente tenha a maior mobiliza\u00e7\u00e3o poss\u00edvel da sociedade civil, universidade e centros de pesquisa. Precisamos estar atentos a essas iniciativas e pensar nessas quest\u00f5es sobre governan\u00e7a, regula\u00e7\u00e3o, \u00e9tica e soberania\u201d.<\/p>\n","protected":false},"excerpt":{"rendered":"<p>Encontros promovidos pela Secti, em parceria com o Comit\u00ea Gestor do Governo Digital, re\u00fanem especialistas e sociedade civil\u00a0 Teve in\u00edcio nesta segunda-feira (27) a agenda de constru\u00e7\u00e3o do Plano Baiano de Intelig\u00eancia Artificial, promovida pela Secretaria de Ci\u00eancia, Tecnologia e Inova\u00e7\u00e3o (Secti), em parceria com o Comit\u00ea Gestor do Governo Digital. A iniciativa re\u00fane institui\u00e7\u00f5es [&hellip;]<\/p>\n","protected":false},"author":2,"featured_media":187245,"comment_status":"open","ping_status":"open","sticky":false,"template":"","format":"standard","meta":{"_links_to":"","_links_to_target":""},"categories":[33434],"tags":[16,42162,9570],"_links":{"self":[{"href":"https:\/\/www.blogdothame.blog.br\/v1\/wp-json\/wp\/v2\/posts\/187244"}],"collection":[{"href":"https:\/\/www.blogdothame.blog.br\/v1\/wp-json\/wp\/v2\/posts"}],"about":[{"href":"https:\/\/www.blogdothame.blog.br\/v1\/wp-json\/wp\/v2\/types\/post"}],"author":[{"embeddable":true,"href":"https:\/\/www.blogdothame.blog.br\/v1\/wp-json\/wp\/v2\/users\/2"}],"replies":[{"embeddable":true,"href":"https:\/\/www.blogdothame.blog.br\/v1\/wp-json\/wp\/v2\/comments?post=187244"}],"version-history":[{"count":1,"href":"https:\/\/www.blogdothame.blog.br\/v1\/wp-json\/wp\/v2\/posts\/187244\/revisions"}],"predecessor-version":[{"id":187246,"href":"https:\/\/www.blogdothame.blog.br\/v1\/wp-json\/wp\/v2\/posts\/187244\/revisions\/187246"}],"wp:featuredmedia":[{"embeddable":true,"href":"https:\/\/www.blogdothame.blog.br\/v1\/wp-json\/wp\/v2\/media\/187245"}],"wp:attachment":[{"href":"https:\/\/www.blogdothame.blog.br\/v1\/wp-json\/wp\/v2\/media?parent=187244"}],"wp:term":[{"taxonomy":"category","embeddable":true,"href":"https:\/\/www.blogdothame.blog.br\/v1\/wp-json\/wp\/v2\/categories?post=187244"},{"taxonomy":"post_tag","embeddable":true,"href":"https:\/\/www.blogdothame.blog.br\/v1\/wp-json\/wp\/v2\/tags?post=187244"}],"curies":[{"name":"wp","href":"https:\/\/api.w.org\/{rel}","templated":true}]}}