{"id":187241,"date":"2026-04-29T07:00:56","date_gmt":"2026-04-29T10:00:56","guid":{"rendered":"https:\/\/www.blogdothame.blog.br\/v1\/?p=187241"},"modified":"2026-04-28T16:03:32","modified_gmt":"2026-04-28T19:03:32","slug":"a-alba-realiza-sessao-em-homenagem-aos-81-anos-do-sinjorba-e-ao-dia-do-jornalista","status":"publish","type":"post","link":"https:\/\/www.blogdothame.blog.br\/v1\/2026\/04\/29\/a-alba-realiza-sessao-em-homenagem-aos-81-anos-do-sinjorba-e-ao-dia-do-jornalista\/","title":{"rendered":"ALBA realiza sess\u00e3o em homenagem aos 81 anos do Sinjorba e ao Dia do Jornalista"},"content":{"rendered":"<p><img loading=\"lazy\" class=\"aligncenter wp-image-187242\" src=\"https:\/\/www.blogdothame.blog.br\/v1\/wp-content\/uploads\/2026\/04\/alba-jorn.jpg\" alt=\"\" width=\"457\" height=\"274\" srcset=\"https:\/\/www.blogdothame.blog.br\/v1\/wp-content\/uploads\/2026\/04\/alba-jorn.jpg 600w, https:\/\/www.blogdothame.blog.br\/v1\/wp-content\/uploads\/2026\/04\/alba-jorn-300x180.jpg 300w\" sizes=\"(max-width: 457px) 100vw, 457px\" \/>A Assembleia Legislativa da Bahia (ALBA) realiza, no pr\u00f3ximo dia 29 de abril, \u00e0s 9h30, um ato solene em homenagem aos 81 anos do Sindicato dos Jornalistas Profissionais no Estado da Bahia (Sinjorba), comemorados em 14 de abril passado e ao Dia do Jornalista, celebrado em 07\/04. A atividade acontecer\u00e1 no plenarinho da Casa e foi proposta pelo deputado Robinson Almeida (PT).<\/p>\n<p>A homenagem marca o reconhecimento institucional \u00e0 trajet\u00f3ria do Sinjorba, entidade fundada em 1945 e que, ao longo de mais de oito d\u00e9cadas, tem desempenhado papel central na defesa dos jornalistas, da liberdade de imprensa e do direito \u00e0 informa\u00e7\u00e3o. Ao levar a celebra\u00e7\u00e3o para o Parlamento baiano, a sess\u00e3o tamb\u00e9m refor\u00e7a a import\u00e2ncia de inserir na agenda legislativa as pautas da categoria, como valoriza\u00e7\u00e3o profissional, condi\u00e7\u00f5es de trabalho e enfrentamento \u00e0 precariza\u00e7\u00e3o no setor.<\/p>\n<p>Para a presidenta do Sinjorba, Fernanda Gama, o ato solene na ALBA \u00e9 mais do que uma homenagem simb\u00f3lica: \u00e9 um espa\u00e7o de afirma\u00e7\u00e3o pol\u00edtica. \u201cAo ocupar o Parlamento, os jornalistas refor\u00e7am a necessidade de pol\u00edticas p\u00fablicas e marcos legais que garantam condi\u00e7\u00f5es dignas de trabalho, valoriza\u00e7\u00e3o profissional e prote\u00e7\u00e3o ao exerc\u00edcio do jornalismo\u201d, diz ela.<\/p>\n<p><!--more--><\/p>\n<p>A expectativa \u00e9 de que a atividade re\u00fana jornalistas, estudantes, parlamentares e representantes de entidades da sociedade civil, consolidando o M\u00eas do Jornalista como um per\u00edodo de mobiliza\u00e7\u00e3o, reflex\u00e3o e fortalecimento coletivo da categoria.<\/p>\n<p>M\u00eas do Jornalista<\/p>\n<p>A atividade na ALBA encerra o conjunto de a\u00e7\u00f5es realizadas ao longo de abril, dentro da programa\u00e7\u00e3o do M\u00eas do Jornalista, promovida pelo Sinjorba em articula\u00e7\u00e3o com a Federa\u00e7\u00e3o Nacional dos Jornalistas (Fenaj). A agenda incluiu iniciativas pol\u00edticas, formativas e comemorativas, reafirmando o compromisso da entidade com a organiza\u00e7\u00e3o da categoria e o fortalecimento do jornalismo.<\/p>\n<p>Entre os destaques da programa\u00e7\u00e3o est\u00e1 a participa\u00e7\u00e3o de dirigentes baianos no Ocupa Bras\u00edlia, mobiliza\u00e7\u00e3o nacional que levou jornalistas ao Congresso Nacional e ao Pal\u00e1cio do Planalto para defender pautas estrat\u00e9gicas da profiss\u00e3o, como a PEC do Diploma, o piso salarial e a prote\u00e7\u00e3o ao exerc\u00edcio profissional. Tamb\u00e9m fez parte da agenda a realiza\u00e7\u00e3o do Pr\u00eamio de Jornalismo \u201cTributa\u00e7\u00e3o e Justi\u00e7a Social\u201d 2026, em parceria com o Sindsefaz, que reconheceu produ\u00e7\u00f5es voltadas ao debate p\u00fablico sobre justi\u00e7a fiscal, al\u00e9m de atividades de forma\u00e7\u00e3o, como o curso \u201cJornalismo e Inova\u00e7\u00e3o\u201d e o semin\u00e1rio de nivelamento para registro de rep\u00f3rter cinematogr\u00e1fico.<\/p>\n<p>Outras atividades marcantes foram o uso da Tribuna Livre da C\u00e2mara de Vereadores de Salvador, em 06 de abril, al\u00e9m do curso Jornalismo e Inova\u00e7\u00e3o, realizado na Facom dias 16 e 17 e os semin\u00e1rios para a concess\u00e3o de registro profissional aos rep\u00f3rteres fotogr\u00e1ficos e cinematogr\u00e1ficos, dias 17 e 24.<\/p>\n<p>O conjunto de a\u00e7\u00f5es evidencia o momento de fortalecimento pol\u00edtico vivido pela categoria nos \u00faltimos anos. O Sinjorba tem ampliado sua atua\u00e7\u00e3o institucional e sua capacidade de incid\u00eancia nos debates p\u00fablicos, contribuindo para recolocar os jornalistas no centro das discuss\u00f5es sobre democracia, trabalho e comunica\u00e7\u00e3o.<\/p>\n<p>Esse protagonismo tamb\u00e9m se reflete no cen\u00e1rio nacional. O ex-presidente do Sinjorba, Moacy Neves, que esteve \u00e0 frente da entidade entre 2019 e 2025, ocupa atualmente a 1\u00aa vice-presid\u00eancia da Fenaj, um fato in\u00e9dito para a Bahia. J\u00e1 a atual presidenta dirige a importante Secretaria de Mobiliza\u00e7\u00e3o e Negocia\u00e7\u00e3o Salarial da federa\u00e7\u00e3o, al\u00e9m de termos outra ex-presidenta da entidade, Marjorie Moura, compondo a Comiss\u00e3o Nacional de \u00c9tica. \u201c\u00c9 o reconhecimento ao trabalho desenvolvido pela entidade e \u00e0 atua\u00e7\u00e3o consistente em defesa da categoria\u201d, finaliza Fernanda Gama.<\/p>\n<p>&nbsp;<\/p>\n","protected":false},"excerpt":{"rendered":"<p>A Assembleia Legislativa da Bahia (ALBA) realiza, no pr\u00f3ximo dia 29 de abril, \u00e0s 9h30, um ato solene em homenagem aos 81 anos do Sindicato dos Jornalistas Profissionais no Estado da Bahia (Sinjorba), comemorados em 14 de abril passado e ao Dia do Jornalista, celebrado em 07\/04. A atividade acontecer\u00e1 no plenarinho da Casa e [&hellip;]<\/p>\n","protected":false},"author":2,"featured_media":187242,"comment_status":"open","ping_status":"open","sticky":false,"template":"","format":"standard","meta":{"_links_to":"","_links_to_target":""},"categories":[33434],"tags":[42161,29259,573,9300],"_links":{"self":[{"href":"https:\/\/www.blogdothame.blog.br\/v1\/wp-json\/wp\/v2\/posts\/187241"}],"collection":[{"href":"https:\/\/www.blogdothame.blog.br\/v1\/wp-json\/wp\/v2\/posts"}],"about":[{"href":"https:\/\/www.blogdothame.blog.br\/v1\/wp-json\/wp\/v2\/types\/post"}],"author":[{"embeddable":true,"href":"https:\/\/www.blogdothame.blog.br\/v1\/wp-json\/wp\/v2\/users\/2"}],"replies":[{"embeddable":true,"href":"https:\/\/www.blogdothame.blog.br\/v1\/wp-json\/wp\/v2\/comments?post=187241"}],"version-history":[{"count":2,"href":"https:\/\/www.blogdothame.blog.br\/v1\/wp-json\/wp\/v2\/posts\/187241\/revisions"}],"predecessor-version":[{"id":187247,"href":"https:\/\/www.blogdothame.blog.br\/v1\/wp-json\/wp\/v2\/posts\/187241\/revisions\/187247"}],"wp:featuredmedia":[{"embeddable":true,"href":"https:\/\/www.blogdothame.blog.br\/v1\/wp-json\/wp\/v2\/media\/187242"}],"wp:attachment":[{"href":"https:\/\/www.blogdothame.blog.br\/v1\/wp-json\/wp\/v2\/media?parent=187241"}],"wp:term":[{"taxonomy":"category","embeddable":true,"href":"https:\/\/www.blogdothame.blog.br\/v1\/wp-json\/wp\/v2\/categories?post=187241"},{"taxonomy":"post_tag","embeddable":true,"href":"https:\/\/www.blogdothame.blog.br\/v1\/wp-json\/wp\/v2\/tags?post=187241"}],"curies":[{"name":"wp","href":"https:\/\/api.w.org\/{rel}","templated":true}]}}