{"id":187228,"date":"2026-04-28T17:00:02","date_gmt":"2026-04-28T20:00:02","guid":{"rendered":"https:\/\/www.blogdothame.blog.br\/v1\/?p=187228"},"modified":"2026-04-28T16:08:18","modified_gmt":"2026-04-28T19:08:18","slug":"jeronimo-rodrigues-se-reune-com-prefeito-de-iguai-e-discute-novos-investimentos-para-o-municipio","status":"publish","type":"post","link":"https:\/\/www.blogdothame.blog.br\/v1\/2026\/04\/28\/jeronimo-rodrigues-se-reune-com-prefeito-de-iguai-e-discute-novos-investimentos-para-o-municipio\/","title":{"rendered":"Jer\u00f4nimo Rodrigues se re\u00fane com prefeito de Igua\u00ed e discute novos investimentos para o munic\u00edpio"},"content":{"rendered":"<p><img loading=\"lazy\" class=\"aligncenter wp-image-187232\" src=\"https:\/\/www.blogdothame.blog.br\/v1\/wp-content\/uploads\/2026\/04\/Audiencia-com-o-prefeito-de-Iguai.-Foto-Feijao-AlmeidaGOVBA-1.jpeg\" alt=\"\" width=\"441\" height=\"205\" srcset=\"https:\/\/www.blogdothame.blog.br\/v1\/wp-content\/uploads\/2026\/04\/Audiencia-com-o-prefeito-de-Iguai.-Foto-Feijao-AlmeidaGOVBA-1.jpeg 600w, https:\/\/www.blogdothame.blog.br\/v1\/wp-content\/uploads\/2026\/04\/Audiencia-com-o-prefeito-de-Iguai.-Foto-Feijao-AlmeidaGOVBA-1-300x140.jpeg 300w\" sizes=\"(max-width: 441px) 100vw, 441px\" \/>O governador Jer\u00f4nimo Rodrigues se reuniu, nesta ter\u00e7a-feira (28), com o prefeito de Igua\u00ed, Davi Macedo, e com lideran\u00e7as pol\u00edticas locais para discutir novos investimentos e a\u00e7\u00f5es de desenvolvimento para o munic\u00edpio. Nos \u00faltimos tr\u00eas anos, o Governo do Estado aplicou cerca de R$ 43 milh\u00f5es na cidade, contemplando diferentes \u00e1reas e contribuindo para a melhoria da qualidade de vida da popula\u00e7\u00e3o.<\/p>\n<p>O encontro teve como foco o alinhamento de demandas nas \u00e1reas de infraestrutura, mobilidade, cultura e turismo. Entre os principais pontos discutidos est\u00e3o obras de drenagem, pavimenta\u00e7\u00e3o e abastecimento de \u00e1gua, al\u00e9m de iniciativas na educa\u00e7\u00e3o, com destaque para a autoriza\u00e7\u00e3o de licita\u00e7\u00e3o para a constru\u00e7\u00e3o de uma creche.<\/p>\n<p><img loading=\"lazy\" class=\"aligncenter wp-image-187231\" src=\"https:\/\/www.blogdothame.blog.br\/v1\/wp-content\/uploads\/2026\/04\/Audiencia-com-o-prefeito-de-Iguai.-Foto-Feijao-AlmeidaGOVBA-3-1.jpeg\" alt=\"\" width=\"404\" height=\"161\" srcset=\"https:\/\/www.blogdothame.blog.br\/v1\/wp-content\/uploads\/2026\/04\/Audiencia-com-o-prefeito-de-Iguai.-Foto-Feijao-AlmeidaGOVBA-3-1.jpeg 600w, https:\/\/www.blogdothame.blog.br\/v1\/wp-content\/uploads\/2026\/04\/Audiencia-com-o-prefeito-de-Iguai.-Foto-Feijao-AlmeidaGOVBA-3-1-300x120.jpeg 300w\" sizes=\"(max-width: 404px) 100vw, 404px\" \/><\/p>\n<p>Durante a agenda, tamb\u00e9m foram entregues uma ambul\u00e2ncia, um ve\u00edculo administrativo e uma van destinada ao Tratamento Fora do Domic\u00edlio (TFD), refor\u00e7ando a estrutura de atendimento \u00e0 popula\u00e7\u00e3o. \u201c\u00c9 uma alegria muito grande receber essa comitiva em meu gabinete. Tivemos a oportunidade de tratar de temas estrat\u00e9gicos para o desenvolvimento de Igua\u00ed, com a apresenta\u00e7\u00e3o de projetos de grande potencial\u201d, afirmou o governador.<\/p>\n<p><!--more--><\/p>\n<p>Na reuni\u00e3o, o prefeito apresentou pautas priorit\u00e1rias, como a macrodrenagem, a revitaliza\u00e7\u00e3o da BA-262, a amplia\u00e7\u00e3o da frota de ve\u00edculos para a sa\u00fade e a cess\u00e3o de \u00f4nibus escolar. Tamb\u00e9m foram discutidas a\u00e7\u00f5es na \u00e1rea do esporte, como a ilumina\u00e7\u00e3o do Est\u00e1dio Pedr\u00e3o, e melhorias para o mercado de carnes.<\/p>\n<p><img loading=\"lazy\" class=\"aligncenter wp-image-187233\" src=\"https:\/\/www.blogdothame.blog.br\/v1\/wp-content\/uploads\/2026\/04\/Audiencia-com-o-prefeito-de-Iguai.-Foto-Feijao-AlmeidaGOVBA-2.jpeg\" alt=\"\" width=\"409\" height=\"230\" srcset=\"https:\/\/www.blogdothame.blog.br\/v1\/wp-content\/uploads\/2026\/04\/Audiencia-com-o-prefeito-de-Iguai.-Foto-Feijao-AlmeidaGOVBA-2.jpeg 600w, https:\/\/www.blogdothame.blog.br\/v1\/wp-content\/uploads\/2026\/04\/Audiencia-com-o-prefeito-de-Iguai.-Foto-Feijao-AlmeidaGOVBA-2-300x169.jpeg 300w\" sizes=\"(max-width: 409px) 100vw, 409px\" \/><\/p>\n<p>\u201c\u00c9 um dia marcante para Igua\u00ed. Trouxemos nossa equipe t\u00e9cnica e discutimos, junto ao Governo do Estado, as principais necessidades do munic\u00edpio. Destaco a receptividade e a prontid\u00e3o em atender nossas demandas\u201d, ressaltou o prefeito.<\/p>\n<p>Foto: Feij\u00e3o Almeida\/GOVBA<\/p>\n","protected":false},"excerpt":{"rendered":"<p>O governador Jer\u00f4nimo Rodrigues se reuniu, nesta ter\u00e7a-feira (28), com o prefeito de Igua\u00ed, Davi Macedo, e com lideran\u00e7as pol\u00edticas locais para discutir novos investimentos e a\u00e7\u00f5es de desenvolvimento para o munic\u00edpio. Nos \u00faltimos tr\u00eas anos, o Governo do Estado aplicou cerca de R$ 43 milh\u00f5es na cidade, contemplando diferentes \u00e1reas e contribuindo para a [&hellip;]<\/p>\n","protected":false},"author":2,"featured_media":187232,"comment_status":"open","ping_status":"open","sticky":false,"template":"","format":"standard","meta":{"_links_to":"","_links_to_target":""},"categories":[33433,1],"tags":[16,1415,621,12213],"_links":{"self":[{"href":"https:\/\/www.blogdothame.blog.br\/v1\/wp-json\/wp\/v2\/posts\/187228"}],"collection":[{"href":"https:\/\/www.blogdothame.blog.br\/v1\/wp-json\/wp\/v2\/posts"}],"about":[{"href":"https:\/\/www.blogdothame.blog.br\/v1\/wp-json\/wp\/v2\/types\/post"}],"author":[{"embeddable":true,"href":"https:\/\/www.blogdothame.blog.br\/v1\/wp-json\/wp\/v2\/users\/2"}],"replies":[{"embeddable":true,"href":"https:\/\/www.blogdothame.blog.br\/v1\/wp-json\/wp\/v2\/comments?post=187228"}],"version-history":[{"count":2,"href":"https:\/\/www.blogdothame.blog.br\/v1\/wp-json\/wp\/v2\/posts\/187228\/revisions"}],"predecessor-version":[{"id":187234,"href":"https:\/\/www.blogdothame.blog.br\/v1\/wp-json\/wp\/v2\/posts\/187228\/revisions\/187234"}],"wp:featuredmedia":[{"embeddable":true,"href":"https:\/\/www.blogdothame.blog.br\/v1\/wp-json\/wp\/v2\/media\/187232"}],"wp:attachment":[{"href":"https:\/\/www.blogdothame.blog.br\/v1\/wp-json\/wp\/v2\/media?parent=187228"}],"wp:term":[{"taxonomy":"category","embeddable":true,"href":"https:\/\/www.blogdothame.blog.br\/v1\/wp-json\/wp\/v2\/categories?post=187228"},{"taxonomy":"post_tag","embeddable":true,"href":"https:\/\/www.blogdothame.blog.br\/v1\/wp-json\/wp\/v2\/tags?post=187228"}],"curies":[{"name":"wp","href":"https:\/\/api.w.org\/{rel}","templated":true}]}}