{"id":187223,"date":"2026-04-28T14:30:42","date_gmt":"2026-04-28T17:30:42","guid":{"rendered":"https:\/\/www.blogdothame.blog.br\/v1\/?p=187223"},"modified":"2026-04-28T12:00:14","modified_gmt":"2026-04-28T15:00:14","slug":"governo-da-bahia-divulga-resultado-de-editais-que-destinam-r-24-milhoes-a-povos-indigenas-e-comunidades-quilombolas","status":"publish","type":"post","link":"https:\/\/www.blogdothame.blog.br\/v1\/2026\/04\/28\/governo-da-bahia-divulga-resultado-de-editais-que-destinam-r-24-milhoes-a-povos-indigenas-e-comunidades-quilombolas\/","title":{"rendered":"Governo da Bahia divulga resultado de editais que destinam R$ 24 milh\u00f5es a povos ind\u00edgenas e comunidades quilombolas"},"content":{"rendered":"<p>&nbsp;<\/p>\n<p><img loading=\"lazy\" class=\"alignright  wp-image-187224\" src=\"https:\/\/www.blogdothame.blog.br\/v1\/wp-content\/uploads\/2026\/04\/Resultado-Final-editais.jpeg\" alt=\"\" width=\"332\" height=\"415\" srcset=\"https:\/\/www.blogdothame.blog.br\/v1\/wp-content\/uploads\/2026\/04\/Resultado-Final-editais.jpeg 432w, https:\/\/www.blogdothame.blog.br\/v1\/wp-content\/uploads\/2026\/04\/Resultado-Final-editais-240x300.jpeg 240w\" sizes=\"(max-width: 332px) 100vw, 332px\" \/>O Governo do Estado da Bahia divulgou o resultado final do processo de sele\u00e7\u00e3o dos editais de inclus\u00e3o produtiva voltados a povos ind\u00edgenas e comunidades quilombolas. A lista com as propostas classificadas j\u00e1 est\u00e1 dispon\u00edvel no site da Companhia de Desenvolvimento e A\u00e7\u00e3o Regional (CAR), empresa p\u00fablica vinculada \u00e0 Secretaria de Desenvolvimento Rural (SDR).<\/p>\n<p>As propostas selecionados poder\u00e3o contar com investimento de at\u00e9 R$ 350 mil. Ao todo, est\u00e3o sendo destinados cerca de R$ 24 milh\u00f5es para apoiar iniciativas como produ\u00e7\u00e3o de alimentos, implanta\u00e7\u00e3o de quintais produtivos e sistemas agroflorestais, fortalecimento do artesanato e de atividades culturais, al\u00e9m da estrutura\u00e7\u00e3o de espa\u00e7os produtivos e da aquisi\u00e7\u00e3o de equipamentos que ampliem o acesso aos mercados.<\/p>\n<p>A iniciativa \u00e9 executada pela CAR\/SDR, por meio do projeto Bahia que Produz e Alimenta, em parceria com a Secretaria de Promo\u00e7\u00e3o da Igualdade Racial e dos Povos e Comunidades Tradicionais (Sepromi).<\/p>\n<p><!--more--><br \/>\nA a\u00e7\u00e3o tem como foco o fortalecimento das atividades produtivas, a gera\u00e7\u00e3o de renda e a promo\u00e7\u00e3o do desenvolvimento sustent\u00e1vel nos territ\u00f3rios tradicionais.As manifesta\u00e7\u00f5es de interesse passaram por an\u00e1lise dos Colegiados de Desenvolvimento Territorial (Codeter). Foram classificadas as propostas que atenderam aos crit\u00e9rios t\u00e9cnicos estabelecidos e alcan\u00e7aram a pontua\u00e7\u00e3o exigida.<\/p>\n<p>O objetivo \u00e9 garantir que os investimentos priorizem iniciativas com maior potencial de impacto nas comunidades, promovendo a gera\u00e7\u00e3o de renda e o fortalecimento das economias locais.<\/p>\n<p>Sobre os editais<br \/>\nA rela\u00e7\u00e3o completa das Manifesta\u00e7\u00f5es de Interesse classificadas nos editais Quilombos da Bahia e Povos Ind\u00edgenas da Bahia est\u00e1 dispon\u00edvel no site da CAR.<\/p>\n","protected":false},"excerpt":{"rendered":"<p>&nbsp; O Governo do Estado da Bahia divulgou o resultado final do processo de sele\u00e7\u00e3o dos editais de inclus\u00e3o produtiva voltados a povos ind\u00edgenas e comunidades quilombolas. A lista com as propostas classificadas j\u00e1 est\u00e1 dispon\u00edvel no site da Companhia de Desenvolvimento e A\u00e7\u00e3o Regional (CAR), empresa p\u00fablica vinculada \u00e0 Secretaria de Desenvolvimento Rural (SDR). [&hellip;]<\/p>\n","protected":false},"author":2,"featured_media":187224,"comment_status":"open","ping_status":"open","sticky":false,"template":"","format":"standard","meta":{"_links_to":"","_links_to_target":""},"categories":[33435],"tags":[15922,4218,42159],"_links":{"self":[{"href":"https:\/\/www.blogdothame.blog.br\/v1\/wp-json\/wp\/v2\/posts\/187223"}],"collection":[{"href":"https:\/\/www.blogdothame.blog.br\/v1\/wp-json\/wp\/v2\/posts"}],"about":[{"href":"https:\/\/www.blogdothame.blog.br\/v1\/wp-json\/wp\/v2\/types\/post"}],"author":[{"embeddable":true,"href":"https:\/\/www.blogdothame.blog.br\/v1\/wp-json\/wp\/v2\/users\/2"}],"replies":[{"embeddable":true,"href":"https:\/\/www.blogdothame.blog.br\/v1\/wp-json\/wp\/v2\/comments?post=187223"}],"version-history":[{"count":1,"href":"https:\/\/www.blogdothame.blog.br\/v1\/wp-json\/wp\/v2\/posts\/187223\/revisions"}],"predecessor-version":[{"id":187225,"href":"https:\/\/www.blogdothame.blog.br\/v1\/wp-json\/wp\/v2\/posts\/187223\/revisions\/187225"}],"wp:featuredmedia":[{"embeddable":true,"href":"https:\/\/www.blogdothame.blog.br\/v1\/wp-json\/wp\/v2\/media\/187224"}],"wp:attachment":[{"href":"https:\/\/www.blogdothame.blog.br\/v1\/wp-json\/wp\/v2\/media?parent=187223"}],"wp:term":[{"taxonomy":"category","embeddable":true,"href":"https:\/\/www.blogdothame.blog.br\/v1\/wp-json\/wp\/v2\/categories?post=187223"},{"taxonomy":"post_tag","embeddable":true,"href":"https:\/\/www.blogdothame.blog.br\/v1\/wp-json\/wp\/v2\/tags?post=187223"}],"curies":[{"name":"wp","href":"https:\/\/api.w.org\/{rel}","templated":true}]}}