{"id":187220,"date":"2026-04-28T11:37:17","date_gmt":"2026-04-28T14:37:17","guid":{"rendered":"https:\/\/www.blogdothame.blog.br\/v1\/?p=187220"},"modified":"2026-04-28T11:37:17","modified_gmt":"2026-04-28T14:37:17","slug":"encontro-com-700-gestores-fortalece-educacao-profissional-na-rede-estadual-baiana","status":"publish","type":"post","link":"https:\/\/www.blogdothame.blog.br\/v1\/2026\/04\/28\/encontro-com-700-gestores-fortalece-educacao-profissional-na-rede-estadual-baiana\/","title":{"rendered":"Encontro com 700 gestores fortalece Educa\u00e7\u00e3o Profissional na rede estadual baiana"},"content":{"rendered":"<p><img loading=\"lazy\" class=\"aligncenter  wp-image-187221\" src=\"https:\/\/www.blogdothame.blog.br\/v1\/wp-content\/uploads\/2026\/04\/Encontro-com-700-gestores-fortalece-Educacao-Profissional-na-rede-estadual-baiana_0.jpeg\" alt=\"\" width=\"375\" height=\"250\" srcset=\"https:\/\/www.blogdothame.blog.br\/v1\/wp-content\/uploads\/2026\/04\/Encontro-com-700-gestores-fortalece-Educacao-Profissional-na-rede-estadual-baiana_0.jpeg 600w, https:\/\/www.blogdothame.blog.br\/v1\/wp-content\/uploads\/2026\/04\/Encontro-com-700-gestores-fortalece-Educacao-Profissional-na-rede-estadual-baiana_0-300x200.jpeg 300w\" sizes=\"(max-width: 375px) 100vw, 375px\" \/>Salvador concentra, desde a manh\u00e3 desta segunda-feira (27), um amplo movimento de articula\u00e7\u00e3o da Educa\u00e7\u00e3o Profissional e Tecnol\u00f3gica da rede estadual. No Fiesta Bahia Hotel, no bairro do Itaigara, o Encontro de Gestores, promovido pela Secretaria da Educa\u00e7\u00e3o do Estado (SEC), re\u00fane 700 participantes, entre dirigentes de centros estaduais e territoriais, unidades compartilhadas, representantes dos N\u00facleos Territoriais de Educa\u00e7\u00e3o (NTE) e equipes t\u00e9cnicas da pasta. Com tr\u00eas dias de programa\u00e7\u00e3o, a iniciativa impulsiona o alinhamento de estrat\u00e9gias para a expans\u00e3o e qualifica\u00e7\u00e3o da oferta da Educa\u00e7\u00e3o Profissional em toda a Bahia, que, atualmente, j\u00e1 beneficia cerca de 163 mil estudantes nesta modalidade.<\/p>\n<p>Logo na abertura, o superintendente da Educa\u00e7\u00e3o Profissional e Tecnol\u00f3gica da SEC, Ezequiel Westphal, destacou a base estruturante da pol\u00edtica no Estado e o papel da forma\u00e7\u00e3o continuada para gestores. \u201cN\u00e3o h\u00e1 possibilidade de fazer Educa\u00e7\u00e3o Profissional e Tecnol\u00f3gica com qualidade sem integra\u00e7\u00e3o com a Educa\u00e7\u00e3o B\u00e1sica e sem a articula\u00e7\u00e3o dos NTEs junto \u00e0s escolas e aos munic\u00edpios\u201d. Ele tamb\u00e9m ressaltou o foco pr\u00e1tico da programa\u00e7\u00e3o. \u201cAs oficinas tratam do modo de operar das escolas, com temas como curr\u00edculo, avalia\u00e7\u00e3o, planejamento financeiro, est\u00e1gios e inova\u00e7\u00e3o, garantindo que cada gestor possa aplicar o que \u00e9 discutido aqui na sua realidade.\u201d<\/p>\n<p><!--more--><\/p>\n<p>A integra\u00e7\u00e3o entre etapas e modalidades tamb\u00e9m foi refor\u00e7ada pela superintendente de Pol\u00edticas para a Educa\u00e7\u00e3o B\u00e1sica da SEC, Helaine Souza, na abertura do evento, ao destacar a constru\u00e7\u00e3o coletiva da pol\u00edtica educacional na Bahia. \u201cTemos caminhado juntos, Educa\u00e7\u00e3o B\u00e1sica e Educa\u00e7\u00e3o Profissional e Tecnol\u00f3gica, para oferecer uma educa\u00e7\u00e3o de qualidade no nosso Estado\u201d. Para ela, o encontro amplia horizontes. \u201cN\u00e3o existe f\u00f3rmula pronta. Este \u00e9 um espa\u00e7o de escuta, de troca entre pares e de reconhecimento das experi\u00eancias que j\u00e1 d\u00e3o certo, para que possamos avan\u00e7ar ainda mais.\u201d<\/p>\n<p>A dimens\u00e3o territorial da pol\u00edtica ganhou destaque na fala do diretor do N\u00facleo Territorial de Educa\u00e7\u00e3o do Semi\u00e1rido Nordeste II (NTE 17), Deusdete Almeida, que evidenciou a presen\u00e7a da oferta em todos os munic\u00edpios de sua regi\u00e3o. \u201cHoje, os 18 munic\u00edpios do NTE 17 contam com Educa\u00e7\u00e3o Profissional, o que tem sido fundamental para a nossa juventude\u201d. Ele tamb\u00e9m apontou o impacto direto dessa pol\u00edtica na trajet\u00f3ria dos estudantes. \u201cPrecisamos fortalecer esta a\u00e7\u00e3o na ponta, para que os jovens compreendam a import\u00e2ncia da forma\u00e7\u00e3o profissional e ampliem suas oportunidades, inclusive de acesso \u00e0 universidade.\u201d<\/p>\n<p>Representando os gestores escolares, a diretora do Centro Territorial de Educa\u00e7\u00e3o Profissional Rec\u00f4ncavo II Alberto Torres, em Cruz das Almas, Aldevane Ara\u00fajo, destacou o papel transformador da escola p\u00fablica no cotidiano dos estudantes. \u201cAs pol\u00edticas p\u00fablicas t\u00eam chegado \u00e0s unidades e feito diferen\u00e7a, mostrando a pot\u00eancia da nossa juventude e o quanto somos respons\u00e1veis por esse processo\u201d. Ao enfatizar o sentido do encontro, concluiu que \u201ceste \u00e9 um momento de aproxima\u00e7\u00e3o entre gestores, de troca de experi\u00eancias e de fortalecimento de pr\u00e1ticas que transformam realidades dentro e fora da escola.\u201d<\/p>\n<p>Foto: Andr\u00e9 Fofano<\/p>\n","protected":false},"excerpt":{"rendered":"<p>Salvador concentra, desde a manh\u00e3 desta segunda-feira (27), um amplo movimento de articula\u00e7\u00e3o da Educa\u00e7\u00e3o Profissional e Tecnol\u00f3gica da rede estadual. No Fiesta Bahia Hotel, no bairro do Itaigara, o Encontro de Gestores, promovido pela Secretaria da Educa\u00e7\u00e3o do Estado (SEC), re\u00fane 700 participantes, entre dirigentes de centros estaduais e territoriais, unidades compartilhadas, representantes dos [&hellip;]<\/p>\n","protected":false},"author":2,"featured_media":187221,"comment_status":"open","ping_status":"open","sticky":false,"template":"","format":"standard","meta":{"_links_to":"","_links_to_target":""},"categories":[1],"tags":[9951,42157,42158],"_links":{"self":[{"href":"https:\/\/www.blogdothame.blog.br\/v1\/wp-json\/wp\/v2\/posts\/187220"}],"collection":[{"href":"https:\/\/www.blogdothame.blog.br\/v1\/wp-json\/wp\/v2\/posts"}],"about":[{"href":"https:\/\/www.blogdothame.blog.br\/v1\/wp-json\/wp\/v2\/types\/post"}],"author":[{"embeddable":true,"href":"https:\/\/www.blogdothame.blog.br\/v1\/wp-json\/wp\/v2\/users\/2"}],"replies":[{"embeddable":true,"href":"https:\/\/www.blogdothame.blog.br\/v1\/wp-json\/wp\/v2\/comments?post=187220"}],"version-history":[{"count":1,"href":"https:\/\/www.blogdothame.blog.br\/v1\/wp-json\/wp\/v2\/posts\/187220\/revisions"}],"predecessor-version":[{"id":187222,"href":"https:\/\/www.blogdothame.blog.br\/v1\/wp-json\/wp\/v2\/posts\/187220\/revisions\/187222"}],"wp:featuredmedia":[{"embeddable":true,"href":"https:\/\/www.blogdothame.blog.br\/v1\/wp-json\/wp\/v2\/media\/187221"}],"wp:attachment":[{"href":"https:\/\/www.blogdothame.blog.br\/v1\/wp-json\/wp\/v2\/media?parent=187220"}],"wp:term":[{"taxonomy":"category","embeddable":true,"href":"https:\/\/www.blogdothame.blog.br\/v1\/wp-json\/wp\/v2\/categories?post=187220"},{"taxonomy":"post_tag","embeddable":true,"href":"https:\/\/www.blogdothame.blog.br\/v1\/wp-json\/wp\/v2\/tags?post=187220"}],"curies":[{"name":"wp","href":"https:\/\/api.w.org\/{rel}","templated":true}]}}