{"id":187208,"date":"2026-04-28T09:30:09","date_gmt":"2026-04-28T12:30:09","guid":{"rendered":"https:\/\/www.blogdothame.blog.br\/v1\/?p=187208"},"modified":"2026-04-28T10:12:31","modified_gmt":"2026-04-28T13:12:31","slug":"academia-de-ilheus-celebra-centenario-do-geografo-milton-santos","status":"publish","type":"post","link":"https:\/\/www.blogdothame.blog.br\/v1\/2026\/04\/28\/academia-de-ilheus-celebra-centenario-do-geografo-milton-santos\/","title":{"rendered":"Academia de Letras de Ilh\u00e9us celebra centen\u00e1rio do ge\u00f3grafo Milton Santos"},"content":{"rendered":"<p><img loading=\"lazy\" class=\"aligncenter wp-image-187209\" src=\"https:\/\/www.blogdothame.blog.br\/v1\/wp-content\/uploads\/2026\/04\/PHOTO-2026-04-27-21-52-25-1.jpg\" alt=\"\" width=\"287\" height=\"304\" srcset=\"https:\/\/www.blogdothame.blog.br\/v1\/wp-content\/uploads\/2026\/04\/PHOTO-2026-04-27-21-52-25-1.jpg 518w, https:\/\/www.blogdothame.blog.br\/v1\/wp-content\/uploads\/2026\/04\/PHOTO-2026-04-27-21-52-25-1-283x300.jpg 283w\" sizes=\"(max-width: 287px) 100vw, 287px\" \/><\/p>\n<p>No dia 3 de maio de 2026 se comemorar\u00e1 o centen\u00e1rio de nascimento do ge\u00f3grafo Milton Santos e para celebrar a data, a Academia de Letras de Ilh\u00e9us realizar\u00e1 uma sess\u00e3o em homenagem ao saudoso acad\u00eamico no pr\u00f3ximo dia 05 de maio, \u00e0s 18 horas, na sede do sodal\u00edcio, \u00e0 Rua Ant\u00f4nio Lavigne de Lemos, n.\u00ba39, Centro, Ilh\u00e9us. O professor Milton Santos foi um dos fundadores da Academia de Letras de Ilh\u00e9us, em 14 de mar\u00e7o de 1959. A cadeira de n.\u00ba 35, atualmente \u00e9 ocupada pela jornalista Maria Schaun. O acad\u00eamico residiu em Ilh\u00e9us e lecionou no Instituto Municipal de Ensino (IME).<\/p>\n<p>Para o presidente da Academia de Letras de Ilh\u00e9us, Josevandro Nascimento, &#8220;a comemora\u00e7\u00e3o do Centen\u00e1rio de Milton Santos \u00e9 a oportunidade da Academia de Letras de Ilh\u00e9us relembrar a trajet\u00f3ria do ge\u00f3grafo que revolucionou a compreens\u00e3o sobre o campo da Geografia no mundo e registrar as viv\u00eancias do acad\u00eamico no sul da Bahia, especialmente, em Ilh\u00e9us.&#8221;<\/p>\n<p><img loading=\"lazy\" class=\"aligncenter wp-image-187210\" src=\"https:\/\/www.blogdothame.blog.br\/v1\/wp-content\/uploads\/2026\/04\/PHOTO-2026-04-27-21-52-25.jpg\" alt=\"\" width=\"296\" height=\"217\" srcset=\"https:\/\/www.blogdothame.blog.br\/v1\/wp-content\/uploads\/2026\/04\/PHOTO-2026-04-27-21-52-25.jpg 600w, https:\/\/www.blogdothame.blog.br\/v1\/wp-content\/uploads\/2026\/04\/PHOTO-2026-04-27-21-52-25-300x221.jpg 300w\" sizes=\"(max-width: 296px) 100vw, 296px\" \/><\/p>\n<p>A Comiss\u00e3o constitu\u00edda para as celebra\u00e7\u00f5es do centen\u00e1rio de Milton Santos \u00e9 composta pelos acad\u00eamicos: Maria Schaun, Efson Lima, Jos\u00e9 Nazal e Luh Oliveira. Os membros convidaram para a solenidade comemorativa a professora Lurdes Bertol e os professores Jos\u00e9 Antunes e Marcelo Henrique Dias, sendo este \u00faltimo membro da ALI. Os professores v\u00e3o abordar as trajet\u00f3rias de Milton Santos, as contribui\u00e7\u00f5es dele para a geografia e as diversas \u00e1reas, bem como a passagem de Milton Santos por Ilh\u00e9us.<\/p>\n<p><!--more--><\/p>\n<p>A acad\u00eamica Maria Schaun, Secret\u00e1ria da ALI, considera que \u201c\u00e9 um privil\u00e9gio ocupar a cadeira n\u00famero 35 da Academia de Letras de Ilh\u00e9us. Cadeira que foi fundada pelo renomado ge\u00f3grafo, Milton Santos e eu desejo ter sempre condi\u00e7\u00f5es de honrar esse lugar&#8221;, concluiu a jornalista.<\/p>\n<p><img loading=\"lazy\" class=\"aligncenter wp-image-187211\" src=\"https:\/\/www.blogdothame.blog.br\/v1\/wp-content\/uploads\/2026\/04\/PHOTO-2026-04-27-21-52-26.jpg\" alt=\"\" width=\"237\" height=\"362\" srcset=\"https:\/\/www.blogdothame.blog.br\/v1\/wp-content\/uploads\/2026\/04\/PHOTO-2026-04-27-21-52-26.jpg 360w, https:\/\/www.blogdothame.blog.br\/v1\/wp-content\/uploads\/2026\/04\/PHOTO-2026-04-27-21-52-26-196x300.jpg 196w\" sizes=\"(max-width: 237px) 100vw, 237px\" \/><\/p>\n<p>O professor Milton Santos possui um vasto curr\u00edculo e diversos livros publicados, entre eles: \u201cPor uma outra Globaliza\u00e7\u00e3o\u201d. No ano de 1994, ele foi laureado com o Pr\u00eamio Internacional de Geografia Vautrin Lud, o equivalente ao Nobel da \u00e1rea. Milton Santos foi consultor da ONU, OIT, OEA e UNESCO e redator do Jornal A Tarde. Tornou-se um personagem vivo da Geografia, contribuindo positivamente para o campo da ci\u00eancia e enaltecendo as ra\u00edzes brasileiras, inclusive, problematizando o fen\u00f4meno da globaliza\u00e7\u00e3o, sendo professor em diferentes universidades. Milton Santos faleceu em 24 de junho de 2001.<\/p>\n","protected":false},"excerpt":{"rendered":"<p>No dia 3 de maio de 2026 se comemorar\u00e1 o centen\u00e1rio de nascimento do ge\u00f3grafo Milton Santos e para celebrar a data, a Academia de Letras de Ilh\u00e9us realizar\u00e1 uma sess\u00e3o em homenagem ao saudoso acad\u00eamico no pr\u00f3ximo dia 05 de maio, \u00e0s 18 horas, na sede do sodal\u00edcio, \u00e0 Rua Ant\u00f4nio Lavigne de Lemos, [&hellip;]<\/p>\n","protected":false},"author":2,"featured_media":187209,"comment_status":"open","ping_status":"open","sticky":false,"template":"","format":"standard","meta":{"_links_to":"","_links_to_target":""},"categories":[33433],"tags":[2262,42154],"_links":{"self":[{"href":"https:\/\/www.blogdothame.blog.br\/v1\/wp-json\/wp\/v2\/posts\/187208"}],"collection":[{"href":"https:\/\/www.blogdothame.blog.br\/v1\/wp-json\/wp\/v2\/posts"}],"about":[{"href":"https:\/\/www.blogdothame.blog.br\/v1\/wp-json\/wp\/v2\/types\/post"}],"author":[{"embeddable":true,"href":"https:\/\/www.blogdothame.blog.br\/v1\/wp-json\/wp\/v2\/users\/2"}],"replies":[{"embeddable":true,"href":"https:\/\/www.blogdothame.blog.br\/v1\/wp-json\/wp\/v2\/comments?post=187208"}],"version-history":[{"count":5,"href":"https:\/\/www.blogdothame.blog.br\/v1\/wp-json\/wp\/v2\/posts\/187208\/revisions"}],"predecessor-version":[{"id":187216,"href":"https:\/\/www.blogdothame.blog.br\/v1\/wp-json\/wp\/v2\/posts\/187208\/revisions\/187216"}],"wp:featuredmedia":[{"embeddable":true,"href":"https:\/\/www.blogdothame.blog.br\/v1\/wp-json\/wp\/v2\/media\/187209"}],"wp:attachment":[{"href":"https:\/\/www.blogdothame.blog.br\/v1\/wp-json\/wp\/v2\/media?parent=187208"}],"wp:term":[{"taxonomy":"category","embeddable":true,"href":"https:\/\/www.blogdothame.blog.br\/v1\/wp-json\/wp\/v2\/categories?post=187208"},{"taxonomy":"post_tag","embeddable":true,"href":"https:\/\/www.blogdothame.blog.br\/v1\/wp-json\/wp\/v2\/tags?post=187208"}],"curies":[{"name":"wp","href":"https:\/\/api.w.org\/{rel}","templated":true}]}}