{"id":187194,"date":"2026-04-27T19:00:24","date_gmt":"2026-04-27T22:00:24","guid":{"rendered":"https:\/\/www.blogdothame.blog.br\/v1\/?p=187194"},"modified":"2026-04-27T15:39:41","modified_gmt":"2026-04-27T18:39:41","slug":"rui-costa-destaca-relacao-do-governo-baiano-com-o-agro-e-contrapoe-investimentos-de-lula-a-retorica-de-bolsonaro","status":"publish","type":"post","link":"https:\/\/www.blogdothame.blog.br\/v1\/2026\/04\/27\/rui-costa-destaca-relacao-do-governo-baiano-com-o-agro-e-contrapoe-investimentos-de-lula-a-retorica-de-bolsonaro\/","title":{"rendered":"Rui Costa destaca rela\u00e7\u00e3o do governo baiano com o agro e contrap\u00f5e investimentos de Lula \u00e0 ret\u00f3rica de Bolsonaro"},"content":{"rendered":"<p><img loading=\"lazy\" class=\"aligncenter wp-image-187195\" src=\"https:\/\/www.blogdothame.blog.br\/v1\/wp-content\/uploads\/2026\/04\/PHOTO-2026-04-27-15-22-17.jpg\" alt=\"\" width=\"399\" height=\"263\" srcset=\"https:\/\/www.blogdothame.blog.br\/v1\/wp-content\/uploads\/2026\/04\/PHOTO-2026-04-27-15-22-17.jpg 516w, https:\/\/www.blogdothame.blog.br\/v1\/wp-content\/uploads\/2026\/04\/PHOTO-2026-04-27-15-22-17-300x198.jpg 300w\" sizes=\"(max-width: 399px) 100vw, 399px\" \/>\u201cSe tem um presidente da Rep\u00fablica que aposta efetivamente no agroneg\u00f3cio \u00e9 o presidente Lula. N\u00e3o \u00e9 discurso, n\u00e3o \u00e9 ret\u00f3rica ideol\u00f3gica, mas investimento com recursos.\u201d A declara\u00e7\u00e3o \u00e9 do ex-ministro da Casa Civil e pr\u00e9-candidato ao Senado pelo PT, Rui Costa, durante o lan\u00e7amento da 20\u00aa edi\u00e7\u00e3o da Bahia Farm Show, nesta segunda-feira (27). O evento \u00e9 uma realiza\u00e7\u00e3o da Associa\u00e7\u00e3o de Agricultores e Irrigantes da Bahia (AIBA), com apoio do Governo da Bahia. Segundo o ex-governador, o presidente Lula tem assegurado um volume de investimentos no setor significativamente superior ao registrado na gest\u00e3o do ex-presidente Jair Bolsonaro.<\/p>\n<p>Ao citar dados apresentados no balan\u00e7o do Plano Safra, Rui destacou que, nos tr\u00eas primeiros anos do atual governo, foram destinados cerca de R$ 1,5 trilh\u00e3o ao setor, mais que o dobro do volume registrado no per\u00edodo equivalente da gest\u00e3o anterior. Entre 2019 e 2021, foram investidos cerca de R$ 700 bilh\u00f5es pelo governo anterior.<\/p>\n<p><img loading=\"lazy\" class=\"aligncenter wp-image-187196\" src=\"https:\/\/www.blogdothame.blog.br\/v1\/wp-content\/uploads\/2026\/04\/PHOTO-2026-04-27-15-22-18.jpg\" alt=\"\" width=\"381\" height=\"184\" srcset=\"https:\/\/www.blogdothame.blog.br\/v1\/wp-content\/uploads\/2026\/04\/PHOTO-2026-04-27-15-22-18.jpg 600w, https:\/\/www.blogdothame.blog.br\/v1\/wp-content\/uploads\/2026\/04\/PHOTO-2026-04-27-15-22-18-300x145.jpg 300w\" sizes=\"(max-width: 381px) 100vw, 381px\" \/><\/p>\n<p>O ex-ministro tamb\u00e9m ressaltou que, al\u00e9m do Plano Safra, o Governo do Brasil tem ampliado as linhas de cr\u00e9dito e financiamento para o agro. Neste domingo (26), o vice-presidente da Rep\u00fablica, Geraldo Alckmin, anunciou a cria\u00e7\u00e3o de uma nova linha de R$ 10 bilh\u00f5es em cr\u00e9dito para a moderniza\u00e7\u00e3o de m\u00e1quinas e implementos agr\u00edcolas. O an\u00fancio foi feito durante a abertura da Agrishow, em Ribeir\u00e3o Preto (SP).<\/p>\n<p><!--more--><\/p>\n<p>Durante o discurso no evento da AIBA, realizado na Governadoria, no Centro Administrativo da Bahia (CAB), Rui Costa defendeu que a rela\u00e7\u00e3o com o agroneg\u00f3cio deve ser pautada pelo profissionalismo e pelo di\u00e1logo institucional, acima de diverg\u00eancias pol\u00edticas ou partid\u00e1rias. \u201cIsso representa serenidade, profissionalismo e colocar o interesse comum acima de qualquer posi\u00e7\u00e3o pol\u00edtica\u201d, pontuou.<\/p>\n<p>Ele tamb\u00e9m destacou a rela\u00e7\u00e3o hist\u00f3rica constru\u00edda entre os governos do PT na Bahia e os produtores rurais, especialmente no oeste do estado. Segundo Rui, desde a gest\u00e3o do ex-governador Jaques Wagner, foi consolidado um ambiente de di\u00e1logo e coopera\u00e7\u00e3o com o setor, diferentemente de outras regi\u00f5es do pa\u00eds onde, segundo ele, predominam conflitos ideol\u00f3gicos. \u201cCom muito orgulho, o Governo da Bahia sempre manteve uma rela\u00e7\u00e3o excepcional, institucional e at\u00e9 pessoal com os produtores rurais\u201d, afirmou.<\/p>\n<p>\u201cEstamos acompanhando de perto o crescimento do agro baiano, e a Bahia Farm Show \u00e9 uma vitrine do que se produz em tecnologia, rela\u00e7\u00f5es e produtos. Uma oportunidade de gerar emprego, renda e desenvolvimento em todas as regi\u00f5es do estado\u201d, afirmou o governador da Bahia, Jer\u00f4nimo Rodrigues. A expectativa \u00e9 de gera\u00e7\u00e3o de cerca de 8 mil empregos diretos e indiretos, al\u00e9m da amplia\u00e7\u00e3o da \u00e1rea do evento em 35%. A feira deve reunir cerca de 160 mil visitantes, 500 expositores e movimentar aproximadamente R$ 180 milh\u00f5es em neg\u00f3cios.<\/p>\n<p>O lan\u00e7amento da Bahia Farm Show reuniu um p\u00fablico expressivo e refor\u00e7ou o peso do evento no calend\u00e1rio nacional do agroneg\u00f3cio, com a presen\u00e7a de representantes do setor produtivo, autoridades pol\u00edticas e entidades como a Federa\u00e7\u00e3o das Ind\u00fastrias do Estado da Bahia (FIEB). O evento ser\u00e1 realizado entre os dias 8 e 13 de junho, na cidade de Lu\u00eds Eduardo Magalh\u00e3es.<\/p>\n<p>(Fotos Amanda Ercilia GOVBA)<\/p>\n","protected":false},"excerpt":{"rendered":"<p>\u201cSe tem um presidente da Rep\u00fablica que aposta efetivamente no agroneg\u00f3cio \u00e9 o presidente Lula. N\u00e3o \u00e9 discurso, n\u00e3o \u00e9 ret\u00f3rica ideol\u00f3gica, mas investimento com recursos.\u201d A declara\u00e7\u00e3o \u00e9 do ex-ministro da Casa Civil e pr\u00e9-candidato ao Senado pelo PT, Rui Costa, durante o lan\u00e7amento da 20\u00aa edi\u00e7\u00e3o da Bahia Farm Show, nesta segunda-feira (27). [&hellip;]<\/p>\n","protected":false},"author":2,"featured_media":187196,"comment_status":"open","ping_status":"open","sticky":false,"template":"","format":"standard","meta":{"_links_to":"","_links_to_target":""},"categories":[33434],"tags":[3301,2538,15159,337,615],"_links":{"self":[{"href":"https:\/\/www.blogdothame.blog.br\/v1\/wp-json\/wp\/v2\/posts\/187194"}],"collection":[{"href":"https:\/\/www.blogdothame.blog.br\/v1\/wp-json\/wp\/v2\/posts"}],"about":[{"href":"https:\/\/www.blogdothame.blog.br\/v1\/wp-json\/wp\/v2\/types\/post"}],"author":[{"embeddable":true,"href":"https:\/\/www.blogdothame.blog.br\/v1\/wp-json\/wp\/v2\/users\/2"}],"replies":[{"embeddable":true,"href":"https:\/\/www.blogdothame.blog.br\/v1\/wp-json\/wp\/v2\/comments?post=187194"}],"version-history":[{"count":1,"href":"https:\/\/www.blogdothame.blog.br\/v1\/wp-json\/wp\/v2\/posts\/187194\/revisions"}],"predecessor-version":[{"id":187197,"href":"https:\/\/www.blogdothame.blog.br\/v1\/wp-json\/wp\/v2\/posts\/187194\/revisions\/187197"}],"wp:featuredmedia":[{"embeddable":true,"href":"https:\/\/www.blogdothame.blog.br\/v1\/wp-json\/wp\/v2\/media\/187196"}],"wp:attachment":[{"href":"https:\/\/www.blogdothame.blog.br\/v1\/wp-json\/wp\/v2\/media?parent=187194"}],"wp:term":[{"taxonomy":"category","embeddable":true,"href":"https:\/\/www.blogdothame.blog.br\/v1\/wp-json\/wp\/v2\/categories?post=187194"},{"taxonomy":"post_tag","embeddable":true,"href":"https:\/\/www.blogdothame.blog.br\/v1\/wp-json\/wp\/v2\/tags?post=187194"}],"curies":[{"name":"wp","href":"https:\/\/api.w.org\/{rel}","templated":true}]}}