{"id":187190,"date":"2026-04-27T17:23:48","date_gmt":"2026-04-27T20:23:48","guid":{"rendered":"https:\/\/www.blogdothame.blog.br\/v1\/?p=187190"},"modified":"2026-04-27T15:32:19","modified_gmt":"2026-04-27T18:32:19","slug":"prefeitura-de-itabuna-encerra-formacao-promotores-de-saude-sem-racismo","status":"publish","type":"post","link":"https:\/\/www.blogdothame.blog.br\/v1\/2026\/04\/27\/prefeitura-de-itabuna-encerra-formacao-promotores-de-saude-sem-racismo\/","title":{"rendered":"Prefeitura de Itabuna encerra forma\u00e7\u00e3o \u201cPromotores de Sa\u00fade Sem Racismo\u201d"},"content":{"rendered":"<p><img loading=\"lazy\" class=\"aligncenter wp-image-187191\" src=\"https:\/\/www.blogdothame.blog.br\/v1\/wp-content\/uploads\/2026\/04\/Prefeitura-de-Itabuna-encerra-formacao-Promotores-de-Saude-Sem-Racismo-Fotos-Pedro-Augusto-Secom-Prefeitura-Itabuna-2.jpeg\" alt=\"\" width=\"444\" height=\"228\" srcset=\"https:\/\/www.blogdothame.blog.br\/v1\/wp-content\/uploads\/2026\/04\/Prefeitura-de-Itabuna-encerra-formacao-Promotores-de-Saude-Sem-Racismo-Fotos-Pedro-Augusto-Secom-Prefeitura-Itabuna-2.jpeg 600w, https:\/\/www.blogdothame.blog.br\/v1\/wp-content\/uploads\/2026\/04\/Prefeitura-de-Itabuna-encerra-formacao-Promotores-de-Saude-Sem-Racismo-Fotos-Pedro-Augusto-Secom-Prefeitura-Itabuna-2-300x154.jpeg 300w\" sizes=\"(max-width: 444px) 100vw, 444px\" \/>A Prefeitura de Itabuna, por meio do Departamento da Aten\u00e7\u00e3o Prim\u00e1ria \u00e0 Sa\u00fade da Secretaria Municipal de Sa\u00fade, encerrou na sexta-feira, dia 24, a forma\u00e7\u00e3o \u201cPromotores de Sa\u00fade Sem Racismo \u2013 Equidade se constr\u00f3i no Territ\u00f3rio\u201d, tendo como p\u00fablico-alvo Agentes Comunit\u00e1rios de Sa\u00fade do munic\u00edpio.<\/p>\n<p>A forma\u00e7\u00e3o,uma iniciativa da Escola de Sa\u00fade P\u00fablica da Bahia aconteceu na UNEX, da Pra\u00e7a Jos\u00e9 Bastos, e integra uma luta antirracista nos ambientes institucionais e agora tamb\u00e9m faz parte dos ambientes de sa\u00fade.<\/p>\n<p><img loading=\"lazy\" class=\"aligncenter wp-image-187192\" src=\"https:\/\/www.blogdothame.blog.br\/v1\/wp-content\/uploads\/2026\/04\/Prefeitura-de-Itabuna-encerra-formacao-Promotores-de-Saude-Sem-Racismo-Fotos-Pedro-Augusto-Secom-Prefeitura-Itabuna-1.jpeg\" alt=\"\" width=\"417\" height=\"201\" srcset=\"https:\/\/www.blogdothame.blog.br\/v1\/wp-content\/uploads\/2026\/04\/Prefeitura-de-Itabuna-encerra-formacao-Promotores-de-Saude-Sem-Racismo-Fotos-Pedro-Augusto-Secom-Prefeitura-Itabuna-1.jpeg 600w, https:\/\/www.blogdothame.blog.br\/v1\/wp-content\/uploads\/2026\/04\/Prefeitura-de-Itabuna-encerra-formacao-Promotores-de-Saude-Sem-Racismo-Fotos-Pedro-Augusto-Secom-Prefeitura-Itabuna-1-300x145.jpeg 300w\" sizes=\"(max-width: 417px) 100vw, 417px\" \/><\/p>\n<p>A Respons\u00e1vel T\u00e9cnica do Departamento da Aten\u00e7\u00e3o Prim\u00e1ria \u00e0 Sa\u00fade, enfermeira doutora Dayse Santos, ressalta a import\u00e2ncia de fortalecer o trabalho dos profissionais, contribuindo para um atendimento mais equ\u00e2nime e sens\u00edvel \u00e0s diversidades.<\/p>\n<p>A condu\u00e7\u00e3o das atividades ao longo do curso esteve sob responsabilidade dos facilitadores, a enfermeira doutora Dayse Santos, a enfermeira mestra Isabela Souza e o enfermeiro mestre Genilson Jesus.<\/p>\n<p><!--more--><\/p>\n<p>Entre os convidados da atividade desta sexta-feira, a presidente do Conselho Municipal de Politicas de Promo\u00e7\u00e3o da Igualdade Racial, Maria Domingas Mateus de Jesus, que tamb\u00e9m \u00e9 psic\u00f3loga e representante do Movimento Negro Unificado.<\/p>\n<p>Na oportunidade, ela falou sobre a sua trajet\u00f3ria nas lutas pela promo\u00e7\u00e3o da igualdade racial, e destacou a import\u00e2ncia da continuidade deste trabalho.<\/p>\n<p>O momento tamb\u00e9m foi de trocas e de compartilhamento de informa\u00e7\u00f5es. Na oportunidade, falou-se sobre os produtos que ser\u00e3o frutos desta capacita\u00e7\u00e3o, dentre eles: perfil do trabalhador, v\u00eddeo institucional e inclus\u00e3o das demandas apresentadas no Plano Municipal de Sa\u00fade.<\/p>\n","protected":false},"excerpt":{"rendered":"<p>A Prefeitura de Itabuna, por meio do Departamento da Aten\u00e7\u00e3o Prim\u00e1ria \u00e0 Sa\u00fade da Secretaria Municipal de Sa\u00fade, encerrou na sexta-feira, dia 24, a forma\u00e7\u00e3o \u201cPromotores de Sa\u00fade Sem Racismo \u2013 Equidade se constr\u00f3i no Territ\u00f3rio\u201d, tendo como p\u00fablico-alvo Agentes Comunit\u00e1rios de Sa\u00fade do munic\u00edpio. A forma\u00e7\u00e3o,uma iniciativa da Escola de Sa\u00fade P\u00fablica da Bahia [&hellip;]<\/p>\n","protected":false},"author":2,"featured_media":187191,"comment_status":"open","ping_status":"open","sticky":false,"template":"","format":"standard","meta":{"_links_to":"","_links_to_target":""},"categories":[33436],"tags":[864,42152],"_links":{"self":[{"href":"https:\/\/www.blogdothame.blog.br\/v1\/wp-json\/wp\/v2\/posts\/187190"}],"collection":[{"href":"https:\/\/www.blogdothame.blog.br\/v1\/wp-json\/wp\/v2\/posts"}],"about":[{"href":"https:\/\/www.blogdothame.blog.br\/v1\/wp-json\/wp\/v2\/types\/post"}],"author":[{"embeddable":true,"href":"https:\/\/www.blogdothame.blog.br\/v1\/wp-json\/wp\/v2\/users\/2"}],"replies":[{"embeddable":true,"href":"https:\/\/www.blogdothame.blog.br\/v1\/wp-json\/wp\/v2\/comments?post=187190"}],"version-history":[{"count":1,"href":"https:\/\/www.blogdothame.blog.br\/v1\/wp-json\/wp\/v2\/posts\/187190\/revisions"}],"predecessor-version":[{"id":187193,"href":"https:\/\/www.blogdothame.blog.br\/v1\/wp-json\/wp\/v2\/posts\/187190\/revisions\/187193"}],"wp:featuredmedia":[{"embeddable":true,"href":"https:\/\/www.blogdothame.blog.br\/v1\/wp-json\/wp\/v2\/media\/187191"}],"wp:attachment":[{"href":"https:\/\/www.blogdothame.blog.br\/v1\/wp-json\/wp\/v2\/media?parent=187190"}],"wp:term":[{"taxonomy":"category","embeddable":true,"href":"https:\/\/www.blogdothame.blog.br\/v1\/wp-json\/wp\/v2\/categories?post=187190"},{"taxonomy":"post_tag","embeddable":true,"href":"https:\/\/www.blogdothame.blog.br\/v1\/wp-json\/wp\/v2\/tags?post=187190"}],"curies":[{"name":"wp","href":"https:\/\/api.w.org\/{rel}","templated":true}]}}