{"id":187187,"date":"2026-04-28T07:30:00","date_gmt":"2026-04-28T10:30:00","guid":{"rendered":"https:\/\/www.blogdothame.blog.br\/v1\/?p=187187"},"modified":"2026-04-27T15:23:27","modified_gmt":"2026-04-27T18:23:27","slug":"ilheus-recebe-circuito-sesc-de-corridas","status":"publish","type":"post","link":"https:\/\/www.blogdothame.blog.br\/v1\/2026\/04\/28\/ilheus-recebe-circuito-sesc-de-corridas\/","title":{"rendered":"Ilh\u00e9us recebe Circuito Sesc de Corridas"},"content":{"rendered":"<p><img loading=\"lazy\" class=\"alignright wp-image-187188\" src=\"https:\/\/www.blogdothame.blog.br\/v1\/wp-content\/uploads\/2026\/04\/sesi-jpg.jpg\" alt=\"\" width=\"324\" height=\"243\" srcset=\"https:\/\/www.blogdothame.blog.br\/v1\/wp-content\/uploads\/2026\/04\/sesi-jpg.jpg 432w, https:\/\/www.blogdothame.blog.br\/v1\/wp-content\/uploads\/2026\/04\/sesi-jpg-300x225.jpg 300w, https:\/\/www.blogdothame.blog.br\/v1\/wp-content\/uploads\/2026\/04\/sesi-jpg-400x300.jpg 400w\" sizes=\"(max-width: 324px) 100vw, 324px\" \/>O Circuito Sesc de Corridas j\u00e1 est\u00e1 com inscri\u00e7\u00f5es abertas para a etapa de Ilh\u00e9us. O evento acontece no dia 10 de maio (domingo), no estacionamento da Pra\u00e7a Rui Barbosa, com largada \u00e0s 7h. As inscri\u00e7\u00f5es custam R$ 45 para o p\u00fablico com credencial Sesc, maiores de 60 anos e pessoas com defici\u00eancia;\u00a0e R$90 para o p\u00fablico geral. A\u00a0inscri\u00e7\u00e3o deve ser feita\u00a0online\u00a0at\u00e9 o dia 06 de maio, atrav\u00e9s do site\u00a0Sympla.<\/p>\n<p>Com provas de 3km, 5km e 10 km, o circuito incentiva a sa\u00fade e o bem-estar, oferecendo um ambiente descontra\u00eddo com atividades recreativas, culturais e educativas para os participantes. A categoria Caminhada pode ser feita por qualquer pessoa, com faixa et\u00e1ria livre; j\u00e1 a Corrida de 5Km pode ser feita por pessoas\u00a0a partir de 14 anos e a corrida de 10Km a partir de 18 anos. Menores de idade dever\u00e3o obrigatoriamente estar acompanhados dos pais e\/ou respons\u00e1veis legais.<\/p>\n<p>A entrega dos kits para os inscritos acontecer\u00e1 no dia 08\/05, das 14h \u00e0s 19h,\u00a0e no dia 09\/05, das das 09h \u00e0s 12h, no Sindicato do Com\u00e9rcio Atacadista e Varejista de Ilh\u00e9us (Pra\u00e7a Visconde de Cairu, 346, Centro). O kit do(a) atleta \u00e9 composto por uma sacola, camiseta, n\u00famero do participante e chip, e\u00a0dever\u00e1 ser retirado mediante apresenta\u00e7\u00e3o de documento com foto e CPF (podendo ser por terceiros, desde que apresente foto do documento).<\/p>\n<p><!--more--><\/p>\n<p>Com previs\u00e3o de mais de 17 mil participantes, o Circuito Sesc de Corridas \u00e9 a maior competi\u00e7\u00e3o deste tipo no estado e conta com percursos de 3km (faixa et\u00e1ria livre), 5km (14 anos +) e 10km (18 anos +). Al\u00e9m do objetivo de promover h\u00e1bitos saud\u00e1veis e proporcionar momentos de integra\u00e7\u00e3o e bem-estar em 17 munic\u00edpios baianos, o evento possui car\u00e1ter inclusivo, com categoria para pessoas com defici\u00eancia (PCD), na modalidade de 5km, al\u00e9m de possibilitar a participa\u00e7\u00e3o de toda a fam\u00edlia.<\/p>\n<p>&nbsp;<\/p>\n<p>Os resultados da corrida podem ser conferidos pelos participantes no site do Sesc Bahia.<br \/>\n(Foto Leal-Divulga\u00e7\u00e3o SESC)<\/p>\n","protected":false},"excerpt":{"rendered":"<p>O Circuito Sesc de Corridas j\u00e1 est\u00e1 com inscri\u00e7\u00f5es abertas para a etapa de Ilh\u00e9us. O evento acontece no dia 10 de maio (domingo), no estacionamento da Pra\u00e7a Rui Barbosa, com largada \u00e0s 7h. As inscri\u00e7\u00f5es custam R$ 45 para o p\u00fablico com credencial Sesc, maiores de 60 anos e pessoas com defici\u00eancia;\u00a0e R$90 para [&hellip;]<\/p>\n","protected":false},"author":2,"featured_media":187188,"comment_status":"open","ping_status":"open","sticky":false,"template":"","format":"standard","meta":{"_links_to":"","_links_to_target":""},"categories":[33435],"tags":[40446,218],"_links":{"self":[{"href":"https:\/\/www.blogdothame.blog.br\/v1\/wp-json\/wp\/v2\/posts\/187187"}],"collection":[{"href":"https:\/\/www.blogdothame.blog.br\/v1\/wp-json\/wp\/v2\/posts"}],"about":[{"href":"https:\/\/www.blogdothame.blog.br\/v1\/wp-json\/wp\/v2\/types\/post"}],"author":[{"embeddable":true,"href":"https:\/\/www.blogdothame.blog.br\/v1\/wp-json\/wp\/v2\/users\/2"}],"replies":[{"embeddable":true,"href":"https:\/\/www.blogdothame.blog.br\/v1\/wp-json\/wp\/v2\/comments?post=187187"}],"version-history":[{"count":1,"href":"https:\/\/www.blogdothame.blog.br\/v1\/wp-json\/wp\/v2\/posts\/187187\/revisions"}],"predecessor-version":[{"id":187189,"href":"https:\/\/www.blogdothame.blog.br\/v1\/wp-json\/wp\/v2\/posts\/187187\/revisions\/187189"}],"wp:featuredmedia":[{"embeddable":true,"href":"https:\/\/www.blogdothame.blog.br\/v1\/wp-json\/wp\/v2\/media\/187188"}],"wp:attachment":[{"href":"https:\/\/www.blogdothame.blog.br\/v1\/wp-json\/wp\/v2\/media?parent=187187"}],"wp:term":[{"taxonomy":"category","embeddable":true,"href":"https:\/\/www.blogdothame.blog.br\/v1\/wp-json\/wp\/v2\/categories?post=187187"},{"taxonomy":"post_tag","embeddable":true,"href":"https:\/\/www.blogdothame.blog.br\/v1\/wp-json\/wp\/v2\/tags?post=187187"}],"curies":[{"name":"wp","href":"https:\/\/api.w.org\/{rel}","templated":true}]}}