{"id":187182,"date":"2026-04-27T16:01:45","date_gmt":"2026-04-27T19:01:45","guid":{"rendered":"https:\/\/www.blogdothame.blog.br\/v1\/?p=187182"},"modified":"2026-04-27T15:05:13","modified_gmt":"2026-04-27T18:05:13","slug":"governo-do-estado-destaca-crescimento-do-agronegocio-durante-lancamento-da-bahia-farm-show-2026","status":"publish","type":"post","link":"https:\/\/www.blogdothame.blog.br\/v1\/2026\/04\/27\/governo-do-estado-destaca-crescimento-do-agronegocio-durante-lancamento-da-bahia-farm-show-2026\/","title":{"rendered":"Governo do Estado destaca crescimento do agroneg\u00f3cio durante lan\u00e7amento da Bahia Farm Show 2026"},"content":{"rendered":"<p><img loading=\"lazy\" class=\"aligncenter  wp-image-187183\" src=\"https:\/\/www.blogdothame.blog.br\/v1\/wp-content\/uploads\/2026\/04\/Fotos-Amanda-ErciliaGOVBA-1.jpg\" alt=\"\" width=\"351\" height=\"233\" srcset=\"https:\/\/www.blogdothame.blog.br\/v1\/wp-content\/uploads\/2026\/04\/Fotos-Amanda-ErciliaGOVBA-1.jpg 600w, https:\/\/www.blogdothame.blog.br\/v1\/wp-content\/uploads\/2026\/04\/Fotos-Amanda-ErciliaGOVBA-1-300x200.jpg 300w\" sizes=\"(max-width: 351px) 100vw, 351px\" \/>O fortalecimento do agroneg\u00f3cio baiano foi destaque nesta segunda-feira (27), no lan\u00e7amento da Bahia Farm Show 2026, na Governadoria, em Salvador. Reconhecida como uma das maiores feiras de tecnologia agr\u00edcola e neg\u00f3cios do Brasil, o evento j\u00e1 est\u00e1 na 20\u00aa edi\u00e7\u00e3o e ser\u00e1 realizado entre os dias 8 e 13 de junho, em Lu\u00eds Eduardo Magalh\u00e3es, no oeste baiano.<\/p>\n<p>A feira, que deve reunir cerca de 160 mil visitantes, 500 expositores e movimentar aproximadamente R$ 180 milh\u00f5es em investimentos, ser\u00e1 realizada pela Associa\u00e7\u00e3o de Agricultores e Irrigantes da Bahia (AIBA) com apoio do Governo do Estado. \u201cEstamos acompanhando de perto o crescimento do agro baiano e a Bahia Farm \u00e9 uma exposi\u00e7\u00e3o do que se produz de tecnologia, de rela\u00e7\u00f5es, de produtos. Uma oportunidade de gerar emprego, renda e oportunidades em todas as regi\u00f5es do estado\u201d, afirmou Jer\u00f4nimo Rodrigues.<\/p>\n<p><img loading=\"lazy\" class=\"aligncenter  wp-image-187184\" src=\"https:\/\/www.blogdothame.blog.br\/v1\/wp-content\/uploads\/2026\/04\/Fotos-Amanda-ErciliaGOVBA-2.jpg\" alt=\"\" width=\"380\" height=\"253\" srcset=\"https:\/\/www.blogdothame.blog.br\/v1\/wp-content\/uploads\/2026\/04\/Fotos-Amanda-ErciliaGOVBA-2.jpg 600w, https:\/\/www.blogdothame.blog.br\/v1\/wp-content\/uploads\/2026\/04\/Fotos-Amanda-ErciliaGOVBA-2-300x200.jpg 300w\" sizes=\"(max-width: 380px) 100vw, 380px\" \/><br \/>\nCom o tema \u201cSomos um s\u00f3\u201d, a edi\u00e7\u00e3o de 2026 destaca o protagonismo da Bahia no cen\u00e1rio agr\u00edcola nacional, com foco em inova\u00e7\u00e3o, sustentabilidade e uso de novas tecnologias no campo. A expectativa \u00e9 de gera\u00e7\u00e3o de cerca de 8 mil empregos diretos e indiretos, al\u00e9m da amplia\u00e7\u00e3o da \u00e1rea do evento em 35%.<\/p>\n<p><!--more--><br \/>\nPresidente da Associa\u00e7\u00e3o de Agricultores e Irrigantes da Bahia (AIBA) e da Bahia Farm Show, Mois\u00e9s Schmidt enfatizou a parceria com o poder p\u00fablico para a realiza\u00e7\u00e3o do evento. \u201cA Bahia Farm Show \u00e9 constru\u00edda de forma coletiva, com a participa\u00e7\u00e3o importante do Governo do Estado. Esse apoio \u00e9 essencial para que possamos ampliar a estrutura da feira e atrair cada vez mais investimentos\u201d, afirmou.<\/p>\n<p>Crescimento do agroneg\u00f3cio baiano<\/p>\n<p><img loading=\"lazy\" class=\"aligncenter  wp-image-187185\" src=\"https:\/\/www.blogdothame.blog.br\/v1\/wp-content\/uploads\/2026\/04\/Fotos-Amanda-ErciliaGOVBA-3.jpg\" alt=\"\" width=\"395\" height=\"263\" srcset=\"https:\/\/www.blogdothame.blog.br\/v1\/wp-content\/uploads\/2026\/04\/Fotos-Amanda-ErciliaGOVBA-3.jpg 600w, https:\/\/www.blogdothame.blog.br\/v1\/wp-content\/uploads\/2026\/04\/Fotos-Amanda-ErciliaGOVBA-3-300x200.jpg 300w\" sizes=\"(max-width: 395px) 100vw, 395px\" \/><br \/>\nEntre 2023 e 2026, o agroneg\u00f3cio baiano se consolidou como um dos principais motores da economia estadual, com expans\u00e3o consistente e diversifica\u00e7\u00e3o da produ\u00e7\u00e3o. O per\u00edodo foi marcado por recordes de produtividade de soja e milho no oeste, impulsionados pela agricultura de precis\u00e3o, al\u00e9m da Bahia se firmar como o segundo maior produtor nacional de algod\u00e3o, com foco na exporta\u00e7\u00e3o de fibra de alta qualidade.<\/p>\n<p>&nbsp;<\/p>\n<p>(Fotos Amanda Erc\u00edlia GOVBA)<\/p>\n","protected":false},"excerpt":{"rendered":"<p>O fortalecimento do agroneg\u00f3cio baiano foi destaque nesta segunda-feira (27), no lan\u00e7amento da Bahia Farm Show 2026, na Governadoria, em Salvador. Reconhecida como uma das maiores feiras de tecnologia agr\u00edcola e neg\u00f3cios do Brasil, o evento j\u00e1 est\u00e1 na 20\u00aa edi\u00e7\u00e3o e ser\u00e1 realizado entre os dias 8 e 13 de junho, em Lu\u00eds Eduardo [&hellip;]<\/p>\n","protected":false},"author":2,"featured_media":187183,"comment_status":"open","ping_status":"open","sticky":false,"template":"","format":"standard","meta":{"_links_to":"","_links_to_target":""},"categories":[33433],"tags":[16,42151],"_links":{"self":[{"href":"https:\/\/www.blogdothame.blog.br\/v1\/wp-json\/wp\/v2\/posts\/187182"}],"collection":[{"href":"https:\/\/www.blogdothame.blog.br\/v1\/wp-json\/wp\/v2\/posts"}],"about":[{"href":"https:\/\/www.blogdothame.blog.br\/v1\/wp-json\/wp\/v2\/types\/post"}],"author":[{"embeddable":true,"href":"https:\/\/www.blogdothame.blog.br\/v1\/wp-json\/wp\/v2\/users\/2"}],"replies":[{"embeddable":true,"href":"https:\/\/www.blogdothame.blog.br\/v1\/wp-json\/wp\/v2\/comments?post=187182"}],"version-history":[{"count":1,"href":"https:\/\/www.blogdothame.blog.br\/v1\/wp-json\/wp\/v2\/posts\/187182\/revisions"}],"predecessor-version":[{"id":187186,"href":"https:\/\/www.blogdothame.blog.br\/v1\/wp-json\/wp\/v2\/posts\/187182\/revisions\/187186"}],"wp:featuredmedia":[{"embeddable":true,"href":"https:\/\/www.blogdothame.blog.br\/v1\/wp-json\/wp\/v2\/media\/187183"}],"wp:attachment":[{"href":"https:\/\/www.blogdothame.blog.br\/v1\/wp-json\/wp\/v2\/media?parent=187182"}],"wp:term":[{"taxonomy":"category","embeddable":true,"href":"https:\/\/www.blogdothame.blog.br\/v1\/wp-json\/wp\/v2\/categories?post=187182"},{"taxonomy":"post_tag","embeddable":true,"href":"https:\/\/www.blogdothame.blog.br\/v1\/wp-json\/wp\/v2\/tags?post=187182"}],"curies":[{"name":"wp","href":"https:\/\/api.w.org\/{rel}","templated":true}]}}