{"id":187178,"date":"2026-04-27T12:00:56","date_gmt":"2026-04-27T15:00:56","guid":{"rendered":"https:\/\/www.blogdothame.blog.br\/v1\/?p=187178"},"modified":"2026-04-27T11:00:53","modified_gmt":"2026-04-27T14:00:53","slug":"rui-costa-critica-acm-neto-e-acirra-disputa-na-bahia","status":"publish","type":"post","link":"https:\/\/www.blogdothame.blog.br\/v1\/2026\/04\/27\/rui-costa-critica-acm-neto-e-acirra-disputa-na-bahia\/","title":{"rendered":"Rui Costa critica ACM Neto e acirra disputa na Bahia"},"content":{"rendered":"<p><img loading=\"lazy\" class=\"alignright size-medium wp-image-187179\" src=\"https:\/\/www.blogdothame.blog.br\/v1\/wp-content\/uploads\/2026\/04\/WhatsApp-Image-2026-04-27-at-09.46.42-300x212.jpeg\" alt=\"\" width=\"300\" height=\"212\" srcset=\"https:\/\/www.blogdothame.blog.br\/v1\/wp-content\/uploads\/2026\/04\/WhatsApp-Image-2026-04-27-at-09.46.42-300x212.jpeg 300w, https:\/\/www.blogdothame.blog.br\/v1\/wp-content\/uploads\/2026\/04\/WhatsApp-Image-2026-04-27-at-09.46.42.jpeg 498w\" sizes=\"(max-width: 300px) 100vw, 300px\" \/>\u201cO que est\u00e1 envelhecido na pol\u00edtica \u00e9 essa l\u00f3gica de oligarquia e de herdeiros do poder\u201d, afirmou Rui Costa ao se referir ao ex-prefeito de Salvador, ACM Neto (Uni\u00e3o Brasil), em entrevista \u00e0 r\u00e1dio Metr\u00f3pole. Rui atacou o que chamou de \u201cmodelo de oligarquia\u201d ainda presente no pa\u00eds. \u201cO que est\u00e1 velho e cansado \u00e9 esse conceito de oligarquia, de heran\u00e7a de poder\u201d, afirmou, ao criticar grupos pol\u00edticos tradicionais e o uso de estruturas de m\u00eddia para perpetua\u00e7\u00e3o no comando.<\/p>\n<p>Para rebater os ataques do advers\u00e1rio ao governador Jer\u00f4nimo Rodrigues, o ex-ministro recorreu a compara\u00e7\u00f5es entre promessas de campanhas passadas de ACM Neto e indicadores atuais de Salvador. Segundo ele, v\u00eddeos de 2012 mostram compromissos com a redu\u00e7\u00e3o da mortalidade infantil e amplia\u00e7\u00e3o da aten\u00e7\u00e3o b\u00e1sica. \u201cDepois de 16 anos governando Salvador, a cidade \u00e9 a terceira pior capital em mortalidade infantil\u201d, disse, atribuindo o cen\u00e1rio \u00e0 \u201cp\u00e9ssima assist\u00eancia pr\u00e9-natal\u201d.<\/p>\n<p>Rui tamb\u00e9m questionou a destina\u00e7\u00e3o por parte do grupo de ACM Neto na prefeitura de recursos obtidos com a venda de terrenos p\u00fablicos. \u201cVenderam os terrenos valiosos, mas o dinheiro n\u00e3o foi para educa\u00e7\u00e3o\u201d, declarou, citando rankings que colocariam Salvador entre os piores desempenhos em educa\u00e7\u00e3o infantil.<\/p>\n<p>Rei do lixo<\/p>\n<p><!--more--><\/p>\n<p>Na sa\u00fade, o ex-ministro destacou promessas de universaliza\u00e7\u00e3o da aten\u00e7\u00e3o b\u00e1sica e constru\u00e7\u00e3o de unidades. \u201cHoje, 40% da popula\u00e7\u00e3o n\u00e3o tem acesso a posto de sa\u00fade\u201d, afirmou. Ele mencionou ainda que apenas cinco centros de exames foram entregues ap\u00f3s mais de uma d\u00e9cada, \u201ccom filas e dificuldade de atendimento\u201d.<\/p>\n<p>Rui ainda associou o grupo advers\u00e1rio a den\u00fancias recentes, citando investiga\u00e7\u00f5es e epis\u00f3dios envolvendo figuras pol\u00edticas ligadas ao Uni\u00e3o Brasil. \u201c\u00c9 o mesmo grupo que coloca o \u2018Rei do Lixo\u2019 na executiva nacional do partido\u201d, afirmou, mencionando \u00e1udios atribu\u00eddos \u00e0 Pol\u00edcia Federal sobre negocia\u00e7\u00f5es irregulares envolvendo cargos p\u00fablicos.<\/p>\n<p>Pr\u00e9-candidato ao Senado, Rui Costa tamb\u00e9m fez refer\u00eancia a suspeitas de uso indevido de recursos na educa\u00e7\u00e3o, classificando o projeto P\u00e9 na Escola, criado por ACM Neto, como \u201cmais parece o pontap\u00e9 na educa\u00e7\u00e3o\u201d. Para o ex-ministro, os casos refor\u00e7am cr\u00edticas ao modelo pol\u00edtico que, segundo ele, \u201cdespreza a popula\u00e7\u00e3o mais pobre e se sustenta em velhas pr\u00e1ticas\u201d.<\/p>\n<p>Foto: Diego Mascarenhas<\/p>\n","protected":false},"excerpt":{"rendered":"<p>\u201cO que est\u00e1 envelhecido na pol\u00edtica \u00e9 essa l\u00f3gica de oligarquia e de herdeiros do poder\u201d, afirmou Rui Costa ao se referir ao ex-prefeito de Salvador, ACM Neto (Uni\u00e3o Brasil), em entrevista \u00e0 r\u00e1dio Metr\u00f3pole. Rui atacou o que chamou de \u201cmodelo de oligarquia\u201d ainda presente no pa\u00eds. \u201cO que est\u00e1 velho e cansado \u00e9 [&hellip;]<\/p>\n","protected":false},"author":2,"featured_media":187179,"comment_status":"open","ping_status":"open","sticky":false,"template":"","format":"standard","meta":{"_links_to":"","_links_to_target":""},"categories":[33434],"tags":[1241,18508],"_links":{"self":[{"href":"https:\/\/www.blogdothame.blog.br\/v1\/wp-json\/wp\/v2\/posts\/187178"}],"collection":[{"href":"https:\/\/www.blogdothame.blog.br\/v1\/wp-json\/wp\/v2\/posts"}],"about":[{"href":"https:\/\/www.blogdothame.blog.br\/v1\/wp-json\/wp\/v2\/types\/post"}],"author":[{"embeddable":true,"href":"https:\/\/www.blogdothame.blog.br\/v1\/wp-json\/wp\/v2\/users\/2"}],"replies":[{"embeddable":true,"href":"https:\/\/www.blogdothame.blog.br\/v1\/wp-json\/wp\/v2\/comments?post=187178"}],"version-history":[{"count":1,"href":"https:\/\/www.blogdothame.blog.br\/v1\/wp-json\/wp\/v2\/posts\/187178\/revisions"}],"predecessor-version":[{"id":187181,"href":"https:\/\/www.blogdothame.blog.br\/v1\/wp-json\/wp\/v2\/posts\/187178\/revisions\/187181"}],"wp:featuredmedia":[{"embeddable":true,"href":"https:\/\/www.blogdothame.blog.br\/v1\/wp-json\/wp\/v2\/media\/187179"}],"wp:attachment":[{"href":"https:\/\/www.blogdothame.blog.br\/v1\/wp-json\/wp\/v2\/media?parent=187178"}],"wp:term":[{"taxonomy":"category","embeddable":true,"href":"https:\/\/www.blogdothame.blog.br\/v1\/wp-json\/wp\/v2\/categories?post=187178"},{"taxonomy":"post_tag","embeddable":true,"href":"https:\/\/www.blogdothame.blog.br\/v1\/wp-json\/wp\/v2\/tags?post=187178"}],"curies":[{"name":"wp","href":"https:\/\/api.w.org\/{rel}","templated":true}]}}