{"id":187170,"date":"2026-04-27T14:28:57","date_gmt":"2026-04-27T17:28:57","guid":{"rendered":"https:\/\/www.blogdothame.blog.br\/v1\/?p=187170"},"modified":"2026-04-27T10:46:42","modified_gmt":"2026-04-27T13:46:42","slug":"cerca-de-20-mil-toneladas-de-niquel-sao-movimentadas-do-porto-de-ilheus-com-destino-a-finlandia","status":"publish","type":"post","link":"https:\/\/www.blogdothame.blog.br\/v1\/2026\/04\/27\/cerca-de-20-mil-toneladas-de-niquel-sao-movimentadas-do-porto-de-ilheus-com-destino-a-finlandia\/","title":{"rendered":"Cerca de 20 mil toneladas de n\u00edquel s\u00e3o movimentadas do Porto de Ilh\u00e9us com destino \u00e0 Finl\u00e2ndia"},"content":{"rendered":"<p><img loading=\"lazy\" class=\"aligncenter wp-image-187171\" src=\"https:\/\/www.blogdothame.blog.br\/v1\/wp-content\/uploads\/2026\/04\/niq-2.jpg\" alt=\"\" width=\"447\" height=\"252\" srcset=\"https:\/\/www.blogdothame.blog.br\/v1\/wp-content\/uploads\/2026\/04\/niq-2.jpg 600w, https:\/\/www.blogdothame.blog.br\/v1\/wp-content\/uploads\/2026\/04\/niq-2-300x169.jpg 300w\" sizes=\"(max-width: 447px) 100vw, 447px\" \/>O Porto de Ilh\u00e9us registrou o maior volume de carregamento de n\u00edquel, desde janeiro de 2026. S\u00e3o 20 mil toneladas do min\u00e9rio que ser\u00e3o escoados para o Porto de Pori, na Finl\u00e2ndia atrav\u00e9s do navio Ultra S\u00e3o Pedro, que est\u00e1 atracado no porto administrado pela Autoridade Portu\u00e1ria Federal &#8211; CODEBA, desde 22 de abril.<\/p>\n<p><img loading=\"lazy\" class=\"alignright wp-image-187172\" src=\"https:\/\/www.blogdothame.blog.br\/v1\/wp-content\/uploads\/2026\/04\/niq-169x300.jpg\" alt=\"\" width=\"141\" height=\"250\" srcset=\"https:\/\/www.blogdothame.blog.br\/v1\/wp-content\/uploads\/2026\/04\/niq-169x300.jpg 169w, https:\/\/www.blogdothame.blog.br\/v1\/wp-content\/uploads\/2026\/04\/niq.jpg 288w\" sizes=\"(max-width: 141px) 100vw, 141px\" \/>De janeiro deste ano at\u00e9 hoje, foram realizados quatro carregamentos de n\u00edquel atrav\u00e9s do Porto de Ilh\u00e9us, sendo que os tr\u00eas primeiros tinham volume de 10 mil toneladas cada.<\/p>\n<p>&nbsp;<\/p>\n<p>A capacidade de movimentar o dobro do volume de cargas que vinha sendo operada anteriormente \u00e9 resultado dos investimentos da CODEBA em melhorias na infraestrutura de Porto de Ilh\u00e9us e capacita\u00e7\u00e3o de pessoal, consolidando cada vez mais o Porto de Ilh\u00e9us como um vetor de desenvolvimento para o munic\u00edpio e para a regi\u00e3o sul da Bahia, gerando empregos, renda e oportunidades de neg\u00f3cios.<\/p>\n<p>&nbsp;<\/p>\n<p>(Foto Gilberto Rodrigues)<\/p>\n","protected":false},"excerpt":{"rendered":"<p>O Porto de Ilh\u00e9us registrou o maior volume de carregamento de n\u00edquel, desde janeiro de 2026. S\u00e3o 20 mil toneladas do min\u00e9rio que ser\u00e3o escoados para o Porto de Pori, na Finl\u00e2ndia atrav\u00e9s do navio Ultra S\u00e3o Pedro, que est\u00e1 atracado no porto administrado pela Autoridade Portu\u00e1ria Federal &#8211; CODEBA, desde 22 de abril. De [&hellip;]<\/p>\n","protected":false},"author":2,"featured_media":187171,"comment_status":"open","ping_status":"open","sticky":false,"template":"","format":"standard","meta":{"_links_to":"","_links_to_target":""},"categories":[33435],"tags":[775,42149,30809,205],"_links":{"self":[{"href":"https:\/\/www.blogdothame.blog.br\/v1\/wp-json\/wp\/v2\/posts\/187170"}],"collection":[{"href":"https:\/\/www.blogdothame.blog.br\/v1\/wp-json\/wp\/v2\/posts"}],"about":[{"href":"https:\/\/www.blogdothame.blog.br\/v1\/wp-json\/wp\/v2\/types\/post"}],"author":[{"embeddable":true,"href":"https:\/\/www.blogdothame.blog.br\/v1\/wp-json\/wp\/v2\/users\/2"}],"replies":[{"embeddable":true,"href":"https:\/\/www.blogdothame.blog.br\/v1\/wp-json\/wp\/v2\/comments?post=187170"}],"version-history":[{"count":1,"href":"https:\/\/www.blogdothame.blog.br\/v1\/wp-json\/wp\/v2\/posts\/187170\/revisions"}],"predecessor-version":[{"id":187173,"href":"https:\/\/www.blogdothame.blog.br\/v1\/wp-json\/wp\/v2\/posts\/187170\/revisions\/187173"}],"wp:featuredmedia":[{"embeddable":true,"href":"https:\/\/www.blogdothame.blog.br\/v1\/wp-json\/wp\/v2\/media\/187171"}],"wp:attachment":[{"href":"https:\/\/www.blogdothame.blog.br\/v1\/wp-json\/wp\/v2\/media?parent=187170"}],"wp:term":[{"taxonomy":"category","embeddable":true,"href":"https:\/\/www.blogdothame.blog.br\/v1\/wp-json\/wp\/v2\/categories?post=187170"},{"taxonomy":"post_tag","embeddable":true,"href":"https:\/\/www.blogdothame.blog.br\/v1\/wp-json\/wp\/v2\/tags?post=187170"}],"curies":[{"name":"wp","href":"https:\/\/api.w.org\/{rel}","templated":true}]}}