{"id":187164,"date":"2026-04-26T16:30:52","date_gmt":"2026-04-26T19:30:52","guid":{"rendered":"https:\/\/www.blogdothame.blog.br\/v1\/?p=187164"},"modified":"2026-04-27T09:13:51","modified_gmt":"2026-04-27T12:13:51","slug":"secretaria-de-comunicacao-do-pt-lanca-curso-para-a-militancia-defender-o-projeto-do-partido-com-estrategia-nas-redes-sociais","status":"publish","type":"post","link":"https:\/\/www.blogdothame.blog.br\/v1\/2026\/04\/26\/secretaria-de-comunicacao-do-pt-lanca-curso-para-a-militancia-defender-o-projeto-do-partido-com-estrategia-nas-redes-sociais\/","title":{"rendered":"Secretaria de Comunica\u00e7\u00e3o do PT lan\u00e7a curso para a milit\u00e2ncia defender o projeto do partido com estrat\u00e9gia nas redes sociais"},"content":{"rendered":"<p><img loading=\"lazy\" class=\"alignleft size-medium wp-image-187165\" src=\"https:\/\/www.blogdothame.blog.br\/v1\/wp-content\/uploads\/2026\/04\/Secretario-Nacional-de-Comunicacao-do-PT_Eden-Valadares-1-300x272.jpg\" alt=\"\" width=\"300\" height=\"272\" srcset=\"https:\/\/www.blogdothame.blog.br\/v1\/wp-content\/uploads\/2026\/04\/Secretario-Nacional-de-Comunicacao-do-PT_Eden-Valadares-1-300x272.jpg 300w, https:\/\/www.blogdothame.blog.br\/v1\/wp-content\/uploads\/2026\/04\/Secretario-Nacional-de-Comunicacao-do-PT_Eden-Valadares-1.jpg 600w\" sizes=\"(max-width: 300px) 100vw, 300px\" \/>A Secretaria Nacional de Comunica\u00e7\u00e3o do Partido dos Trabalhadores lan\u00e7ou o Curso de Forma\u00e7\u00e3o da Milit\u00e2ncia, por meio do projeto Pode Espalhar, para preparar os petistas para defender o projeto do partido e do presidente Lula para o Brasil com estrat\u00e9gia e efic\u00e1cia nas redes sociais. As inscri\u00e7\u00f5es podem ser feitas atrav\u00e9s do link\u00a0https:\/\/podeespalhar.com.br\/oficinas-de-comunicacao\/, e o curso ser\u00e1 realizado entre os meses de abril e maio.<\/p>\n<p>&nbsp;<\/p>\n<p>O secret\u00e1rio Nacional de Comunica\u00e7\u00e3o do partido, \u00c9den Valadares, falou sobre a import\u00e2ncia da atividade para preparar os petistas para a disputa de narrativas. \u201cQualificar nossa milit\u00e2ncia para a disputa digital \u00e9 tarefa obrigat\u00f3ria em tempos de tanta desinforma\u00e7\u00e3o e manipula\u00e7\u00e3o propagada pelo expediente bolsonarista. Vamos defender o legado do Presidente Lula, comparar seu governo com o tempo dos Bolsonaros e apresentar uma agenda de ainda mais mudan\u00e7as no Brasil no ambiente digital com a mesma intensidade que fazemos nas comunidades, nos sindicatos, nas escolas e universidades. Seremos milh\u00f5es de porta-vozes de Lula nas ruas, nas ro\u00e7as, nos rios e nas redes\u201d.<\/p>\n<p>No total, o Curso de Forma\u00e7\u00e3o do PT conta com tr\u00eas m\u00f3dulos, sendo o primeiro Porta-voz do Lula, nos dias 29 de abril e 06 de maio, quando os inscritos ir\u00e3o compreender de forma mais profunda seus pap\u00e9is na disputa de narrativa, como tornar-se um agente ativo de defesa do projeto do partido e como utilizar o Whatsapp de forma estrat\u00e9gica.<\/p>\n<p><!--more--><\/p>\n<p>O segundo m\u00f3dulo, de 13 de maio a 3 de junho (dois dias na semana), \u00e9 o Constru\u00e7\u00e3o de Redes e Influ\u00eancia Digital, em que ser\u00e3o ensinadas a amplia\u00e7\u00e3o de alcance de seguidores, o di\u00e1logo com diferentes p\u00fablicos, a lideran\u00e7a da presen\u00e7a digital, estrat\u00e9gias, linguagem e din\u00e2mica para o uso das principais plataformas, como gerar engajamento real e cria\u00e7\u00e3o de parceria com influenciadores digitais, dentre outros.<\/p>\n<p>&nbsp;<\/p>\n<p>J\u00e1 o terceiro m\u00f3dulo, o Est\u00fadio de Cria\u00e7\u00e3o com Intelig\u00eancia Artificial vai auxiliar os petistas a transformarem suas ideias em conte\u00fados mais profissionais e com mais impacto, a usar ferramentas de cria\u00e7\u00e3o de conte\u00fado, al\u00e9m da utiliza\u00e7\u00e3o da IA na comunica\u00e7\u00e3o pol\u00edtica, a editar v\u00eddeos curtos e pe\u00e7as visuais, a criar escritas estrat\u00e9gicas para as redes sociais e tamb\u00e9m ir\u00e1 preparar os militantes para produzir conte\u00fado com rapidez e qualidade.<\/p>\n","protected":false},"excerpt":{"rendered":"<p>A Secretaria Nacional de Comunica\u00e7\u00e3o do Partido dos Trabalhadores lan\u00e7ou o Curso de Forma\u00e7\u00e3o da Milit\u00e2ncia, por meio do projeto Pode Espalhar, para preparar os petistas para defender o projeto do partido e do presidente Lula para o Brasil com estrat\u00e9gia e efic\u00e1cia nas redes sociais. As inscri\u00e7\u00f5es podem ser feitas atrav\u00e9s do link\u00a0https:\/\/podeespalhar.com.br\/oficinas-de-comunicacao\/, e [&hellip;]<\/p>\n","protected":false},"author":2,"featured_media":187165,"comment_status":"open","ping_status":"open","sticky":false,"template":"","format":"standard","meta":{"_links_to":"","_links_to_target":""},"categories":[33435],"tags":[42147,11601,42146],"_links":{"self":[{"href":"https:\/\/www.blogdothame.blog.br\/v1\/wp-json\/wp\/v2\/posts\/187164"}],"collection":[{"href":"https:\/\/www.blogdothame.blog.br\/v1\/wp-json\/wp\/v2\/posts"}],"about":[{"href":"https:\/\/www.blogdothame.blog.br\/v1\/wp-json\/wp\/v2\/types\/post"}],"author":[{"embeddable":true,"href":"https:\/\/www.blogdothame.blog.br\/v1\/wp-json\/wp\/v2\/users\/2"}],"replies":[{"embeddable":true,"href":"https:\/\/www.blogdothame.blog.br\/v1\/wp-json\/wp\/v2\/comments?post=187164"}],"version-history":[{"count":1,"href":"https:\/\/www.blogdothame.blog.br\/v1\/wp-json\/wp\/v2\/posts\/187164\/revisions"}],"predecessor-version":[{"id":187166,"href":"https:\/\/www.blogdothame.blog.br\/v1\/wp-json\/wp\/v2\/posts\/187164\/revisions\/187166"}],"wp:featuredmedia":[{"embeddable":true,"href":"https:\/\/www.blogdothame.blog.br\/v1\/wp-json\/wp\/v2\/media\/187165"}],"wp:attachment":[{"href":"https:\/\/www.blogdothame.blog.br\/v1\/wp-json\/wp\/v2\/media?parent=187164"}],"wp:term":[{"taxonomy":"category","embeddable":true,"href":"https:\/\/www.blogdothame.blog.br\/v1\/wp-json\/wp\/v2\/categories?post=187164"},{"taxonomy":"post_tag","embeddable":true,"href":"https:\/\/www.blogdothame.blog.br\/v1\/wp-json\/wp\/v2\/tags?post=187164"}],"curies":[{"name":"wp","href":"https:\/\/api.w.org\/{rel}","templated":true}]}}