{"id":187157,"date":"2026-04-27T07:30:35","date_gmt":"2026-04-27T10:30:35","guid":{"rendered":"https:\/\/www.blogdothame.blog.br\/v1\/?p=187157"},"modified":"2026-04-27T09:08:49","modified_gmt":"2026-04-27T12:08:49","slug":"estado-reforca-infraestrutura-hidrica-saude-e-conectividade-em-itagimirim","status":"publish","type":"post","link":"https:\/\/www.blogdothame.blog.br\/v1\/2026\/04\/27\/estado-reforca-infraestrutura-hidrica-saude-e-conectividade-em-itagimirim\/","title":{"rendered":"Estado refor\u00e7a infraestrutura h\u00eddrica, sa\u00fade e conectividade em Itagimirim"},"content":{"rendered":"<p><img loading=\"lazy\" class=\"aligncenter wp-image-187158\" src=\"https:\/\/www.blogdothame.blog.br\/v1\/wp-content\/uploads\/2026\/04\/PHOTO-2026-04-25-15-58-57.jpg\" alt=\"\" width=\"417\" height=\"234\" srcset=\"https:\/\/www.blogdothame.blog.br\/v1\/wp-content\/uploads\/2026\/04\/PHOTO-2026-04-25-15-58-57.jpg 600w, https:\/\/www.blogdothame.blog.br\/v1\/wp-content\/uploads\/2026\/04\/PHOTO-2026-04-25-15-58-57-300x169.jpg 300w\" sizes=\"(max-width: 417px) 100vw, 417px\" \/><br \/>\nO acesso \u00e0 \u00e1gua, aos servi\u00e7os de sa\u00fade e \u00e0 internet foi ampliado em Itagimirim com a entrega de um conjunto de a\u00e7\u00f5es realizadas pelo Governo do Estado, durante visita do governador Jer\u00f4nimo Rodrigues ao munic\u00edpio, neste s\u00e1bado (25), ao munic\u00edpio que celebra 64 anos de emancipa\u00e7\u00e3o pol\u00edtica. Entre os destaques, est\u00e1 a inaugura\u00e7\u00e3o do Sistema Simplificado de Abastecimento de \u00c1gua (SSAA) na localidade de Amarra Boi, garantindo mais seguran\u00e7a h\u00eddrica e qualidade de vida para os moradores.<br \/>\n<img loading=\"lazy\" class=\"aligncenter wp-image-187159\" src=\"https:\/\/www.blogdothame.blog.br\/v1\/wp-content\/uploads\/2026\/04\/PHOTO-2026-04-25-15-58-59.jpg\" alt=\"\" width=\"351\" height=\"198\" srcset=\"https:\/\/www.blogdothame.blog.br\/v1\/wp-content\/uploads\/2026\/04\/PHOTO-2026-04-25-15-58-59.jpg 600w, https:\/\/www.blogdothame.blog.br\/v1\/wp-content\/uploads\/2026\/04\/PHOTO-2026-04-25-15-58-59-300x169.jpg 300w\" sizes=\"(max-width: 351px) 100vw, 351px\" \/><br \/>\n\u201cO sistema vai ajudar bastante, porque agora a \u00e1gua chega diretamente \u00e0s casas. Antes, as pessoas precisavam buscar em outros lugares, o que dificultava o dia a dia. Tamb\u00e9m contribui para a agricultura, permitindo o uso em atividades como irriga\u00e7\u00e3o\u201d, afirmou a diretora de um col\u00e9gio municipal, Vaniza Rocha Reis.<br \/>\n<img loading=\"lazy\" class=\"aligncenter wp-image-187160\" src=\"https:\/\/www.blogdothame.blog.br\/v1\/wp-content\/uploads\/2026\/04\/PHOTO-2026-04-25-15-58-57-2.jpg\" alt=\"\" width=\"375\" height=\"211\" srcset=\"https:\/\/www.blogdothame.blog.br\/v1\/wp-content\/uploads\/2026\/04\/PHOTO-2026-04-25-15-58-57-2.jpg 600w, https:\/\/www.blogdothame.blog.br\/v1\/wp-content\/uploads\/2026\/04\/PHOTO-2026-04-25-15-58-57-2-300x169.jpg 300w\" sizes=\"(max-width: 375px) 100vw, 375px\" \/><br \/>\nDe acordo com a secret\u00e1ria de Infraestrutura H\u00eddrica e Saneamento, Marise Chastinet, o sistema recebeu investimento de mais de R$ 350 mil e passa a atender 19 fam\u00edlias. \u201cA localidade vivia uma situa\u00e7\u00e3o prec\u00e1ria, sem acesso regular \u00e0 \u00e1gua. Com essa entrega, h\u00e1 uma mudan\u00e7a significativa na qualidade de vida, com mais dignidade para essas fam\u00edlias\u201d, destacou.<\/p>\n<p><!--more--><\/p>\n<p>Entregas e mais investimentos<br \/>\nA agenda incluiu a inaugura\u00e7\u00e3o da Pra\u00e7a Jaime Fernandes &#8211; Vila Containers. Foram realizadas entregas de uma unidade de beneficiamento de derivados da mandioca e de um \u00f4nibus escolar, al\u00e9m da assinatura de ordens de servi\u00e7o para obras de pavimenta\u00e7\u00e3o em ruas do bairro Rielson Santos Lima e no Centro, e ainda para asfaltamento no desvio que liga Santa Maria a Belmontea. Jer\u00f4nimo tamb\u00e9m autorizou a cobertura da Feira Livre do Mercad\u00e3o.<\/p>\n<p><img loading=\"lazy\" class=\"aligncenter wp-image-187162\" src=\"https:\/\/www.blogdothame.blog.br\/v1\/wp-content\/uploads\/2026\/04\/PHOTO-2026-04-25-15-58-56.jpg\" alt=\"\" width=\"401\" height=\"225\" srcset=\"https:\/\/www.blogdothame.blog.br\/v1\/wp-content\/uploads\/2026\/04\/PHOTO-2026-04-25-15-58-56.jpg 600w, https:\/\/www.blogdothame.blog.br\/v1\/wp-content\/uploads\/2026\/04\/PHOTO-2026-04-25-15-58-56-300x169.jpg 300w\" sizes=\"(max-width: 401px) 100vw, 401px\" \/><\/p>\n<p>\u201cVeja o n\u00edvel de maturidade da pol\u00edtica que estamos vivendo. Itagimirim \u00e9 um munic\u00edpio de cerca de 7 mil habitantes e, ainda assim, recebe um volume significativo de investimentos, fruto de articula\u00e7\u00e3o intitucional e pol\u00edticas p\u00fablicas\u201d, pontuou o governador.<\/p>\n<p><img loading=\"lazy\" class=\"aligncenter wp-image-187161\" src=\"https:\/\/www.blogdothame.blog.br\/v1\/wp-content\/uploads\/2026\/04\/PHOTO-2026-04-25-15-58-58.jpg\" alt=\"\" width=\"404\" height=\"227\" srcset=\"https:\/\/www.blogdothame.blog.br\/v1\/wp-content\/uploads\/2026\/04\/PHOTO-2026-04-25-15-58-58.jpg 600w, https:\/\/www.blogdothame.blog.br\/v1\/wp-content\/uploads\/2026\/04\/PHOTO-2026-04-25-15-58-58-300x169.jpg 300w\" sizes=\"(max-width: 404px) 100vw, 404px\" \/><\/p>\n<p>Na \u00e1rea da sa\u00fade, foram entregues uma ambul\u00e2ncia modelo Hilux e uma van para Tratamento Fora do Domic\u00edlio (TFD), ampliando o suporte aos pacientes do munic\u00edpio. A agenda tamb\u00e9m marcou a implanta\u00e7\u00e3o do Conecta Bahia, programa da Secretaria de Ci\u00eancia, Tecnologia e Inova\u00e7\u00e3o, que passa a oferecer internet gratuita em espa\u00e7os p\u00fablicos, como a pra\u00e7a dos Containers e o distrito de Uni\u00e3o Baiana, ampliando o acesso \u00e0 conectividade.<\/p>\n<p>Fotos Feij\u00e3o Almeida GovBA<\/p>\n","protected":false},"excerpt":{"rendered":"<p>O acesso \u00e0 \u00e1gua, aos servi\u00e7os de sa\u00fade e \u00e0 internet foi ampliado em Itagimirim com a entrega de um conjunto de a\u00e7\u00f5es realizadas pelo Governo do Estado, durante visita do governador Jer\u00f4nimo Rodrigues ao munic\u00edpio, neste s\u00e1bado (25), ao munic\u00edpio que celebra 64 anos de emancipa\u00e7\u00e3o pol\u00edtica. Entre os destaques, est\u00e1 a inaugura\u00e7\u00e3o do [&hellip;]<\/p>\n","protected":false},"author":2,"featured_media":187158,"comment_status":"open","ping_status":"open","sticky":false,"template":"","format":"standard","meta":{"_links_to":"","_links_to_target":""},"categories":[33433],"tags":[16,10893,12213],"_links":{"self":[{"href":"https:\/\/www.blogdothame.blog.br\/v1\/wp-json\/wp\/v2\/posts\/187157"}],"collection":[{"href":"https:\/\/www.blogdothame.blog.br\/v1\/wp-json\/wp\/v2\/posts"}],"about":[{"href":"https:\/\/www.blogdothame.blog.br\/v1\/wp-json\/wp\/v2\/types\/post"}],"author":[{"embeddable":true,"href":"https:\/\/www.blogdothame.blog.br\/v1\/wp-json\/wp\/v2\/users\/2"}],"replies":[{"embeddable":true,"href":"https:\/\/www.blogdothame.blog.br\/v1\/wp-json\/wp\/v2\/comments?post=187157"}],"version-history":[{"count":1,"href":"https:\/\/www.blogdothame.blog.br\/v1\/wp-json\/wp\/v2\/posts\/187157\/revisions"}],"predecessor-version":[{"id":187163,"href":"https:\/\/www.blogdothame.blog.br\/v1\/wp-json\/wp\/v2\/posts\/187157\/revisions\/187163"}],"wp:featuredmedia":[{"embeddable":true,"href":"https:\/\/www.blogdothame.blog.br\/v1\/wp-json\/wp\/v2\/media\/187158"}],"wp:attachment":[{"href":"https:\/\/www.blogdothame.blog.br\/v1\/wp-json\/wp\/v2\/media?parent=187157"}],"wp:term":[{"taxonomy":"category","embeddable":true,"href":"https:\/\/www.blogdothame.blog.br\/v1\/wp-json\/wp\/v2\/categories?post=187157"},{"taxonomy":"post_tag","embeddable":true,"href":"https:\/\/www.blogdothame.blog.br\/v1\/wp-json\/wp\/v2\/tags?post=187157"}],"curies":[{"name":"wp","href":"https:\/\/api.w.org\/{rel}","templated":true}]}}