{"id":187150,"date":"2026-04-26T08:50:32","date_gmt":"2026-04-26T11:50:32","guid":{"rendered":"https:\/\/www.blogdothame.blog.br\/v1\/?p=187150"},"modified":"2026-04-27T08:52:52","modified_gmt":"2026-04-27T11:52:52","slug":"governador-sanciona-lei-que-reconhece-a-libras-como-meio-legal-de-comunicacao-na-bahia","status":"publish","type":"post","link":"https:\/\/www.blogdothame.blog.br\/v1\/2026\/04\/26\/governador-sanciona-lei-que-reconhece-a-libras-como-meio-legal-de-comunicacao-na-bahia\/","title":{"rendered":"Governador sanciona lei que reconhece a Libras como meio legal de comunica\u00e7\u00e3o na Bahia"},"content":{"rendered":"<p><img loading=\"lazy\" class=\"aligncenter  wp-image-187151\" src=\"https:\/\/www.blogdothame.blog.br\/v1\/wp-content\/uploads\/2026\/04\/wuiga-rubini-govba-2.jpg\" alt=\"\" width=\"382\" height=\"256\" srcset=\"https:\/\/www.blogdothame.blog.br\/v1\/wp-content\/uploads\/2026\/04\/wuiga-rubini-govba-2.jpg 600w, https:\/\/www.blogdothame.blog.br\/v1\/wp-content\/uploads\/2026\/04\/wuiga-rubini-govba-2-300x201.jpg 300w\" sizes=\"(max-width: 382px) 100vw, 382px\" \/>O governador Jer\u00f4nimo Rodrigues sancionou a lei que reconhece a L\u00edngua Brasileira de Sinais (Libras) como meio legal de comunica\u00e7\u00e3o e express\u00e3o no Estado da Bahia, nesta sexta-feira (24), durante cumprimento de agenda em Brumado. A legisla\u00e7\u00e3o estabelece a Libras como um sistema lingu\u00edstico de transmiss\u00e3o de ideias e fatos, ampliando a acessibilidade, fortalecendo a inclus\u00e3o e garantindo mais direitos \u00e0 comunidade surda baiana.<\/p>\n<p>&#8220;Quando a gente reconhece a \u00a0Libras, a gente reconhece direitos, respeita a diversidade e garante mais autonomia para a comunidade surda. Esse \u00e9 mais um passo para construirmos uma Bahia cada vez mais inclusiva e acess\u00edvel para todos&#8221;, afirmou o Jer\u00f4nimo.<\/p>\n<p><img loading=\"lazy\" class=\"aligncenter  wp-image-187152\" src=\"https:\/\/www.blogdothame.blog.br\/v1\/wp-content\/uploads\/2026\/04\/wuiga-rubini-govba-1.jpg\" alt=\"\" width=\"380\" height=\"253\" srcset=\"https:\/\/www.blogdothame.blog.br\/v1\/wp-content\/uploads\/2026\/04\/wuiga-rubini-govba-1.jpg 600w, https:\/\/www.blogdothame.blog.br\/v1\/wp-content\/uploads\/2026\/04\/wuiga-rubini-govba-1-300x200.jpg 300w\" sizes=\"(max-width: 380px) 100vw, 380px\" \/><br \/>\nA nova lei, oficializada no Dia Nacional da L\u00edngua Brasileira de Sinais, determina que institui\u00e7\u00f5es com atendimento di\u00e1rio superior a 500 pessoas, como bancos, hospitais e centros comerciais, disponibilizem int\u00e9rpretes e tradutores qualificados para assegurar atendimento adequado \u00e0 popula\u00e7\u00e3o surda. A medida garante mais autonomia no acesso a servi\u00e7os essenciais e de consumo.<\/p>\n<p><!--more--><br \/>\nAl\u00e9m disso, a Secretaria de Justi\u00e7a e Direitos Humanos ser\u00e1 respons\u00e1vel pela implementa\u00e7\u00e3o de crit\u00e9rios de forma\u00e7\u00e3o e pela oferta progressiva de cursos de Libras para servidores estaduais, ampliando a capacidade de atendimento inclusivo em toda a administra\u00e7\u00e3o p\u00fablica.<\/p>\n<p>A san\u00e7\u00e3o tamb\u00e9m integra um conjunto mais amplo de pol\u00edticas p\u00fablicas voltadas \u00e0s pessoas com defici\u00eancia. Entre as iniciativas, est\u00e3o a amplia\u00e7\u00e3o da Central de Int\u00e9rpretes de Libras da Bahia (CILBA Online) e a cria\u00e7\u00e3o de dois N\u00facleos de Comunica\u00e7\u00e3o em Libras, que ser\u00e3o implantados em Salvador e Feira de Santana.<\/p>\n<p>(Fotos Wiga Rubini-GOVBA)<\/p>\n","protected":false},"excerpt":{"rendered":"<p>O governador Jer\u00f4nimo Rodrigues sancionou a lei que reconhece a L\u00edngua Brasileira de Sinais (Libras) como meio legal de comunica\u00e7\u00e3o e express\u00e3o no Estado da Bahia, nesta sexta-feira (24), durante cumprimento de agenda em Brumado. A legisla\u00e7\u00e3o estabelece a Libras como um sistema lingu\u00edstico de transmiss\u00e3o de ideias e fatos, ampliando a acessibilidade, fortalecendo a [&hellip;]<\/p>\n","protected":false},"author":2,"featured_media":187151,"comment_status":"open","ping_status":"open","sticky":false,"template":"","format":"standard","meta":{"_links_to":"","_links_to_target":""},"categories":[33434],"tags":[16,12213,42144],"_links":{"self":[{"href":"https:\/\/www.blogdothame.blog.br\/v1\/wp-json\/wp\/v2\/posts\/187150"}],"collection":[{"href":"https:\/\/www.blogdothame.blog.br\/v1\/wp-json\/wp\/v2\/posts"}],"about":[{"href":"https:\/\/www.blogdothame.blog.br\/v1\/wp-json\/wp\/v2\/types\/post"}],"author":[{"embeddable":true,"href":"https:\/\/www.blogdothame.blog.br\/v1\/wp-json\/wp\/v2\/users\/2"}],"replies":[{"embeddable":true,"href":"https:\/\/www.blogdothame.blog.br\/v1\/wp-json\/wp\/v2\/comments?post=187150"}],"version-history":[{"count":1,"href":"https:\/\/www.blogdothame.blog.br\/v1\/wp-json\/wp\/v2\/posts\/187150\/revisions"}],"predecessor-version":[{"id":187153,"href":"https:\/\/www.blogdothame.blog.br\/v1\/wp-json\/wp\/v2\/posts\/187150\/revisions\/187153"}],"wp:featuredmedia":[{"embeddable":true,"href":"https:\/\/www.blogdothame.blog.br\/v1\/wp-json\/wp\/v2\/media\/187151"}],"wp:attachment":[{"href":"https:\/\/www.blogdothame.blog.br\/v1\/wp-json\/wp\/v2\/media?parent=187150"}],"wp:term":[{"taxonomy":"category","embeddable":true,"href":"https:\/\/www.blogdothame.blog.br\/v1\/wp-json\/wp\/v2\/categories?post=187150"},{"taxonomy":"post_tag","embeddable":true,"href":"https:\/\/www.blogdothame.blog.br\/v1\/wp-json\/wp\/v2\/tags?post=187150"}],"curies":[{"name":"wp","href":"https:\/\/api.w.org\/{rel}","templated":true}]}}